{"id":24848,"date":"2024-01-30T05:46:01","date_gmt":"2024-01-30T04:46:01","guid":{"rendered":"https:\/\/diariodevurgos.com\/dvwps\/?p=24848"},"modified":"2024-01-30T05:46:02","modified_gmt":"2024-01-30T04:46:02","slug":"presentacion-de-la-hija-del-verdugo-en-la-biblioteca-cervantes","status":"publish","type":"post","link":"https:\/\/diariodevurgos.com\/dvwps\/presentacion-de-la-hija-del-verdugo-en-la-biblioteca-cervantes.php","title":{"rendered":"Presentaci\u00f3n de \u201cLa hija del verdugo\u201d en la Biblioteca Cervantes"},"content":{"rendered":"<p class=\"lead\">Existe una parte de la historia de Burgos que bien podr\u00eda formar parte de la cr\u00f3nica negra de nuestro pa\u00eds, si bien es cierto que hablamos de tiempos oscuros en la que los ajusticiamientos y la pena de muerte eran algo habitual en todo el territorio nacional. <strong>Gregorio Mayoral Sendino,<\/strong> burgal\u00e9s nacido en Cavia en 1861, fue el \u00faltimo verdugo titular de la Audiencia de Burgos (entre 1890 y 1928). Fiel a su oficio, dio muerte a 60 personas, y su nombre trascendi\u00f3 hasta hacerse leyenda no s\u00f3lo por ser una gran profesional del garrote vil, ejecutando a algunos de los presos m\u00e1s importantes de la \u00e9poca, sino por ser uno de los \u00faltimos ejecutores de sentencias de muerte en Espa\u00f1a.<\/p>\n<p>Su triste historia es narrada en el c\u00f3mic <strong><em>La hija del verdugo<\/em><\/strong> que ser\u00e1 nuevamente presentado el pr\u00f3ximo <strong>jueves, d\u00eda 1 de febrero,<\/strong> a partir de las 1<strong>9: 00 horas<\/strong>, por sus autores en la <strong>biblioteca Miguel de Cervantes<\/strong> donde explicar\u00e1n los entresijos de esta historia, y su proceso de elaboraci\u00f3n, y nos acercar\u00e1n a uno de los personajes m\u00e1s siniestros de la historia de nuestra ciudad.<\/p>\n<p style=\"text-align: center;\"><img loading=\"lazy\" class=\"aligncenter wp-image-24849 \" src=\"http:\/\/diariodevurgos.com\/dvwps\/wp-content\/uploads\/2024\/01\/Presentacion-verdugo-web-Biblioteca-Cervantes-824x1024.jpeg\" alt=\"\" width=\"484\" height=\"602\" srcset=\"https:\/\/diariodevurgos.com\/dvwps\/wp-content\/uploads\/2024\/01\/Presentacion-verdugo-web-Biblioteca-Cervantes-824x1024.jpeg 824w, https:\/\/diariodevurgos.com\/dvwps\/wp-content\/uploads\/2024\/01\/Presentacion-verdugo-web-Biblioteca-Cervantes-241x300.jpeg 241w, https:\/\/diariodevurgos.com\/dvwps\/wp-content\/uploads\/2024\/01\/Presentacion-verdugo-web-Biblioteca-Cervantes-768x954.jpeg 768w, https:\/\/diariodevurgos.com\/dvwps\/wp-content\/uploads\/2024\/01\/Presentacion-verdugo-web-Biblioteca-Cervantes-370x460.jpeg 370w, https:\/\/diariodevurgos.com\/dvwps\/wp-content\/uploads\/2024\/01\/Presentacion-verdugo-web-Biblioteca-Cervantes.jpeg 1131w\" sizes=\"(max-width: 484px) 100vw, 484px\" \/><\/p>\n","protected":false},"excerpt":{"rendered":"<p>Existe una parte de la historia de Burgos que bien podr\u00eda formar parte de la cr\u00f3nica negra de nuestro pa\u00eds, si bien es cierto que hablamos de tiempos oscuros en la que los ajusticiamientos y la pena de muerte eran algo habitual en todo el territorio nacional. Gregorio Mayoral Sendino, burgal\u00e9s nacido en Cavia en&#8230;  <a href=\"https:\/\/diariodevurgos.com\/dvwps\/presentacion-de-la-hija-del-verdugo-en-la-biblioteca-cervantes.php\" class=\"more-link\" title=\"Read Presentaci\u00f3n de \u201cLa hija del verdugo\u201d en la Biblioteca Cervantes\">Read more &raquo;<\/a><\/p>\n","protected":false},"author":2,"featured_media":24849,"comment_status":"open","ping_status":"closed","sticky":false,"template":"","format":"standard","meta":[],"categories":[2,73,103,14,6,8],"tags":[],"_links":{"self":[{"href":"https:\/\/diariodevurgos.com\/dvwps\/wp-json\/wp\/v2\/posts\/24848"}],"collection":[{"href":"https:\/\/diariodevurgos.com\/dvwps\/wp-json\/wp\/v2\/posts"}],"about":[{"href":"https:\/\/diariodevurgos.com\/dvwps\/wp-json\/wp\/v2\/types\/post"}],"author":[{"embeddable":true,"href":"https:\/\/diariodevurgos.com\/dvwps\/wp-json\/wp\/v2\/users\/2"}],"replies":[{"embeddable":true,"href":"https:\/\/diariodevurgos.com\/dvwps\/wp-json\/wp\/v2\/comments?post=24848"}],"version-history":[{"count":1,"href":"https:\/\/diariodevurgos.com\/dvwps\/wp-json\/wp\/v2\/posts\/24848\/revisions"}],"predecessor-version":[{"id":24850,"href":"https:\/\/diariodevurgos.com\/dvwps\/wp-json\/wp\/v2\/posts\/24848\/revisions\/24850"}],"wp:featuredmedia":[{"embeddable":true,"href":"https:\/\/diariodevurgos.com\/dvwps\/wp-json\/wp\/v2\/media\/24849"}],"wp:attachment":[{"href":"https:\/\/diariodevurgos.com\/dvwps\/wp-json\/wp\/v2\/media?parent=24848"}],"wp:term":[{"taxonomy":"category","embeddable":true,"href":"https:\/\/diariodevurgos.com\/dvwps\/wp-json\/wp\/v2\/categories?post=24848"},{"taxonomy":"post_tag","embeddable":true,"href":"https:\/\/diariodevurgos.com\/dvwps\/wp-json\/wp\/v2\/tags?post=24848"}],"curies":[{"name":"wp","href":"https:\/\/api.w.org\/{rel}","templated":true}]}}