{"id":24885,"date":"2024-03-01T00:19:52","date_gmt":"2024-02-29T23:19:52","guid":{"rendered":"https:\/\/diariodevurgos.com\/dvwps\/?p=24885"},"modified":"2024-03-01T00:38:14","modified_gmt":"2024-02-29T23:38:14","slug":"y-un-ano-mas-se-cantaron-las-marzas-en-gamonal","status":"publish","type":"post","link":"https:\/\/diariodevurgos.com\/dvwps\/y-un-ano-mas-se-cantaron-las-marzas-en-gamonal.php","title":{"rendered":"Y un a\u00f1o m\u00e1s, se cantaron las marzas en Gamonal"},"content":{"rendered":"<p class=\"lead\">La pasada noche del jueves 29 de febrero, la Real y Antigua de Gamonal volvi\u00f3 a acoger el tradicional canto las marzas. Un a\u00f1o m\u00e1s, y ya van 9, se escucharon esas cancioncillas con las que, desde \u00e9poca milenaria, se da la bienvenida al mes de marzo.<!--more--><\/p>\n<p>Como viene siendo habitual desde marzo de 2014, el <a href=\"https:\/\/csrgamonal.ga\/2024\/02\/21\/marzas-en-gamonal-2024\/\">Centro Social Recuperado de Gamonal<\/a> organiz\u00f3 el <strong>tradicional canto de las marzas junto a la Real y Antigua.<\/strong> Un evento que ha logrado perdurar a lo largo de todos estos a\u00f1os y que convoca a vecin@s del barrio de todas las edades.<\/p>\n<p style=\"text-align: center;\"><img loading=\"lazy\" class=\"aligncenter wp-image-24886 \" src=\"http:\/\/diariodevurgos.com\/dvwps\/wp-content\/uploads\/2024\/03\/IMG_9208-1024x768.jpg\" alt=\"\" width=\"477\" height=\"358\" srcset=\"https:\/\/diariodevurgos.com\/dvwps\/wp-content\/uploads\/2024\/03\/IMG_9208-1024x768.jpg 1024w, https:\/\/diariodevurgos.com\/dvwps\/wp-content\/uploads\/2024\/03\/IMG_9208-300x225.jpg 300w, https:\/\/diariodevurgos.com\/dvwps\/wp-content\/uploads\/2024\/03\/IMG_9208-768x576.jpg 768w, https:\/\/diariodevurgos.com\/dvwps\/wp-content\/uploads\/2024\/03\/IMG_9208-1536x1152.jpg 1536w, https:\/\/diariodevurgos.com\/dvwps\/wp-content\/uploads\/2024\/03\/IMG_9208-2048x1536.jpg 2048w, https:\/\/diariodevurgos.com\/dvwps\/wp-content\/uploads\/2024\/03\/IMG_9208-400x300.jpg 400w, https:\/\/diariodevurgos.com\/dvwps\/wp-content\/uploads\/2024\/03\/IMG_9208-370x278.jpg 370w\" sizes=\"(max-width: 477px) 100vw, 477px\" \/><\/p>\n<p style=\"text-align: center;\"><em>Momento de las marzas de Gamonal 2014 \/\/ DV<\/em><\/p>\n<p style=\"text-align: left;\">Las marzas son unas canciones tradicionales que, seg\u00fan algunas fuentes, se remontan a \u00e9poca anterior a la llegada de los romanos a la Pen\u00ednsula y con las que se daba la bienvenida la primavera. La tradici\u00f3n se hab\u00eda perdido en Gamonal, pero desde las protestas vecinales de enero de 2014, el canto de las marzas se ha recuperado y adem\u00e1s se le ha dado un toque reivindicativo. Si en a\u00f1os anteriores, la denominada <em>marza rutona, <\/em>la que se dedica a los malos vecinos y a denunciar los problemas del barrio, ha abordado problemas como las salas de apuestas o las dificultades de aparcamiento, este a\u00f1o, el merecedor de la misma ha sido <strong>Juan Garc\u00eda-Gallardo Frings<\/strong>, nuestro excelent\u00edsimo paisano y vicepresidente de la Junta de Castilla y Le\u00f3n. Las razones de la elecci\u00f3n las encontramos en el propio texto de la marza rutona.<\/p>\n<p style=\"text-align: center;\">\n<p style=\"text-align: center;\">\n<p style=\"text-align: center;\"><img loading=\"lazy\" class=\"alignnone wp-image-24888 \" src=\"http:\/\/diariodevurgos.com\/dvwps\/wp-content\/uploads\/2024\/03\/IMG_9215-1024x768.jpg\" alt=\"\" width=\"523\" height=\"392\" srcset=\"https:\/\/diariodevurgos.com\/dvwps\/wp-content\/uploads\/2024\/03\/IMG_9215-1024x768.jpg 1024w, https:\/\/diariodevurgos.com\/dvwps\/wp-content\/uploads\/2024\/03\/IMG_9215-300x225.jpg 300w, https:\/\/diariodevurgos.com\/dvwps\/wp-content\/uploads\/2024\/03\/IMG_9215-768x576.jpg 768w, https:\/\/diariodevurgos.com\/dvwps\/wp-content\/uploads\/2024\/03\/IMG_9215-1536x1152.jpg 1536w, https:\/\/diariodevurgos.com\/dvwps\/wp-content\/uploads\/2024\/03\/IMG_9215-2048x1536.jpg 2048w, https:\/\/diariodevurgos.com\/dvwps\/wp-content\/uploads\/2024\/03\/IMG_9215-400x300.jpg 400w, https:\/\/diariodevurgos.com\/dvwps\/wp-content\/uploads\/2024\/03\/IMG_9215-370x278.jpg 370w\" sizes=\"(max-width: 523px) 100vw, 523px\" \/><\/p>\n<p style=\"text-align: center;\"><em>Marza rutona dedicada a Juan Garc\u00eda-Gallardo \/\/ DV<\/em><\/p>\n<p>Como an\u00e9cdota rese\u00f1able, a la finalizaci\u00f3n del acto se ha dado una concentraci\u00f3n inusual de agentes de la Polic\u00eda Local que jam\u00e1s se hab\u00eda visto en a\u00f1os anteriores. Tras un intenso debate con los agentes en torno las razones a las que obedec\u00eda su presencia, hay quien ha mencionado a VOX y a la concejal\u00eda de Seguridad Ciudadana, hay quien ha apuntado la falta de licencia municipal para el evento, el encuentro vecinal ha finalizado sin m\u00e1s sobresaltos d\u00e1ndose cita l@s vecin@s para la convocatoria de 2025. Y como bien dice la cancioncilla:<em> a&nbsp;cantar las marzas sin licencia vamos\u2026<\/em><\/p>\n","protected":false},"excerpt":{"rendered":"<p>La pasada noche del jueves 29 de febrero, la Real y Antigua de Gamonal volvi\u00f3 a acoger el tradicional canto las marzas. Un a\u00f1o m\u00e1s, y ya van 9, se escucharon esas cancioncillas con las que, desde \u00e9poca milenaria, se da la bienvenida al mes de marzo.<\/p>\n","protected":false},"author":2,"featured_media":24886,"comment_status":"open","ping_status":"closed","sticky":false,"template":"","format":"standard","meta":[],"categories":[2,78,103,27,16],"tags":[],"_links":{"self":[{"href":"https:\/\/diariodevurgos.com\/dvwps\/wp-json\/wp\/v2\/posts\/24885"}],"collection":[{"href":"https:\/\/diariodevurgos.com\/dvwps\/wp-json\/wp\/v2\/posts"}],"about":[{"href":"https:\/\/diariodevurgos.com\/dvwps\/wp-json\/wp\/v2\/types\/post"}],"author":[{"embeddable":true,"href":"https:\/\/diariodevurgos.com\/dvwps\/wp-json\/wp\/v2\/users\/2"}],"replies":[{"embeddable":true,"href":"https:\/\/diariodevurgos.com\/dvwps\/wp-json\/wp\/v2\/comments?post=24885"}],"version-history":[{"count":4,"href":"https:\/\/diariodevurgos.com\/dvwps\/wp-json\/wp\/v2\/posts\/24885\/revisions"}],"predecessor-version":[{"id":24894,"href":"https:\/\/diariodevurgos.com\/dvwps\/wp-json\/wp\/v2\/posts\/24885\/revisions\/24894"}],"wp:featuredmedia":[{"embeddable":true,"href":"https:\/\/diariodevurgos.com\/dvwps\/wp-json\/wp\/v2\/media\/24886"}],"wp:attachment":[{"href":"https:\/\/diariodevurgos.com\/dvwps\/wp-json\/wp\/v2\/media?parent=24885"}],"wp:term":[{"taxonomy":"category","embeddable":true,"href":"https:\/\/diariodevurgos.com\/dvwps\/wp-json\/wp\/v2\/categories?post=24885"},{"taxonomy":"post_tag","embeddable":true,"href":"https:\/\/diariodevurgos.com\/dvwps\/wp-json\/wp\/v2\/tags?post=24885"}],"curies":[{"name":"wp","href":"https:\/\/api.w.org\/{rel}","templated":true}]}}