{"id":24931,"date":"2024-03-19T15:07:35","date_gmt":"2024-03-19T14:07:35","guid":{"rendered":"https:\/\/diariodevurgos.com\/dvwps\/?p=24931"},"modified":"2024-03-19T15:07:37","modified_gmt":"2024-03-19T14:07:37","slug":"presentacion-del-libro-quemar-a-troncoso-inteligencia-libertaria-durante-la-guerra-civil-espanola","status":"publish","type":"post","link":"https:\/\/diariodevurgos.com\/dvwps\/presentacion-del-libro-quemar-a-troncoso-inteligencia-libertaria-durante-la-guerra-civil-espanola.php","title":{"rendered":"Presentaci\u00f3n del libro \u201cQuemar a Troncoso. Inteligencia libertaria durante la Guerra Civil espa\u00f1ola\u201d"},"content":{"rendered":"<p class=\"lead\">El <strong>s\u00e1bado 23 de marzo<\/strong> la <strong>Biblioteca Anarquista La Maldita<\/strong> acoger\u00e1 la presentaci\u00f3n del libro <em><a href=\"https:\/\/piedrapapellibros.com\/producto\/quemar-a-troncoso-inteligencia-libertaria-durante-la-guerra-civil-espanola\/\">Quemar a Troncoso. Inteligencia libertaria durante la Guerra Civil espa\u00f1ola<\/a><\/em>, una obra nos sumerge en la apasionante historia, pr\u00e1cticamente inexplorada hasta la fecha, de las redes de espionaje al servicio de las organizaciones libertarias a un lado y otro de la frontera francesa durante el conflicto civil. La presentaci\u00f3n, que contar\u00e1 con la presencia del autor de la obra, <strong>Dani Campany Sans<\/strong>, dar\u00e1 comienzo a las <strong>18:00 horas<\/strong>.<\/p>\n<p style=\"text-align: center;\"><img loading=\"lazy\" class=\"aligncenter wp-image-24932 \" src=\"http:\/\/diariodevurgos.com\/dvwps\/wp-content\/uploads\/2024\/03\/presentacion-libro-724x1024.jpeg\" alt=\"\" width=\"510\" height=\"721\" srcset=\"https:\/\/diariodevurgos.com\/dvwps\/wp-content\/uploads\/2024\/03\/presentacion-libro-724x1024.jpeg 724w, https:\/\/diariodevurgos.com\/dvwps\/wp-content\/uploads\/2024\/03\/presentacion-libro-212x300.jpeg 212w, https:\/\/diariodevurgos.com\/dvwps\/wp-content\/uploads\/2024\/03\/presentacion-libro-768x1086.jpeg 768w, https:\/\/diariodevurgos.com\/dvwps\/wp-content\/uploads\/2024\/03\/presentacion-libro-1086x1536.jpeg 1086w, https:\/\/diariodevurgos.com\/dvwps\/wp-content\/uploads\/2024\/03\/presentacion-libro-370x523.jpeg 370w, https:\/\/diariodevurgos.com\/dvwps\/wp-content\/uploads\/2024\/03\/presentacion-libro.jpeg 1131w\" sizes=\"(max-width: 510px) 100vw, 510px\" \/><\/p>\n","protected":false},"excerpt":{"rendered":"<p>El s\u00e1bado 23 de marzo la Biblioteca Anarquista La Maldita acoger\u00e1 la presentaci\u00f3n del libro Quemar a Troncoso. Inteligencia libertaria durante la Guerra Civil espa\u00f1ola, una obra nos sumerge en la apasionante historia, pr\u00e1cticamente inexplorada hasta la fecha, de las redes de espionaje al servicio de las organizaciones libertarias a un lado y otro de&#8230;  <a href=\"https:\/\/diariodevurgos.com\/dvwps\/presentacion-del-libro-quemar-a-troncoso-inteligencia-libertaria-durante-la-guerra-civil-espanola.php\" class=\"more-link\" title=\"Read Presentaci\u00f3n del libro \u201cQuemar a Troncoso. Inteligencia libertaria durante la Guerra Civil espa\u00f1ola\u201d\">Read more &raquo;<\/a><\/p>\n","protected":false},"author":2,"featured_media":24932,"comment_status":"open","ping_status":"closed","sticky":false,"template":"","format":"standard","meta":[],"categories":[112,2,14,27,6,30,8],"tags":[],"_links":{"self":[{"href":"https:\/\/diariodevurgos.com\/dvwps\/wp-json\/wp\/v2\/posts\/24931"}],"collection":[{"href":"https:\/\/diariodevurgos.com\/dvwps\/wp-json\/wp\/v2\/posts"}],"about":[{"href":"https:\/\/diariodevurgos.com\/dvwps\/wp-json\/wp\/v2\/types\/post"}],"author":[{"embeddable":true,"href":"https:\/\/diariodevurgos.com\/dvwps\/wp-json\/wp\/v2\/users\/2"}],"replies":[{"embeddable":true,"href":"https:\/\/diariodevurgos.com\/dvwps\/wp-json\/wp\/v2\/comments?post=24931"}],"version-history":[{"count":1,"href":"https:\/\/diariodevurgos.com\/dvwps\/wp-json\/wp\/v2\/posts\/24931\/revisions"}],"predecessor-version":[{"id":24933,"href":"https:\/\/diariodevurgos.com\/dvwps\/wp-json\/wp\/v2\/posts\/24931\/revisions\/24933"}],"wp:featuredmedia":[{"embeddable":true,"href":"https:\/\/diariodevurgos.com\/dvwps\/wp-json\/wp\/v2\/media\/24932"}],"wp:attachment":[{"href":"https:\/\/diariodevurgos.com\/dvwps\/wp-json\/wp\/v2\/media?parent=24931"}],"wp:term":[{"taxonomy":"category","embeddable":true,"href":"https:\/\/diariodevurgos.com\/dvwps\/wp-json\/wp\/v2\/categories?post=24931"},{"taxonomy":"post_tag","embeddable":true,"href":"https:\/\/diariodevurgos.com\/dvwps\/wp-json\/wp\/v2\/tags?post=24931"}],"curies":[{"name":"wp","href":"https:\/\/api.w.org\/{rel}","templated":true}]}}