{"id":24934,"date":"2024-03-25T06:02:04","date_gmt":"2024-03-25T05:02:04","guid":{"rendered":"https:\/\/diariodevurgos.com\/dvwps\/?p=24934"},"modified":"2024-03-25T06:02:05","modified_gmt":"2024-03-25T05:02:05","slug":"mesa-redonda-comic-memoria-historica-y-mensaje-social","status":"publish","type":"post","link":"https:\/\/diariodevurgos.com\/dvwps\/mesa-redonda-comic-memoria-historica-y-mensaje-social.php","title":{"rendered":"Mesa redonda: c\u00f3mic, memoria hist\u00f3rica y mensaje social"},"content":{"rendered":"<p class=\"lead\">El pr\u00f3ximo <strong>jueves 4 de abril<\/strong> dar\u00e1 comienzo <strong>Vi\u00f1etas &amp; Subversi\u00f3n<\/strong> con la primera sesi\u00f3n inaugural de las <a href=\"https:\/\/diariodevurgos.com\/dvwps\/vinetas-subversion-i-jornadas-de-comic-social-y-libertario.php\">I jornadas de c\u00f3mic social y libertario de Burgos<\/a> en <a href=\"http:\/\/www.espaciotangente.net\/index.html\">Espacio Tangente<\/a> a partir de las <strong>20:00 horas.<\/strong><\/p>\n<p>Esta primera sesi\u00f3n se desarrollar\u00e1 a modo de mesa redonda con la que reflexionar acerca de la potencialidad del c\u00f3mic para abordar aspectos relacionados con la memoria hist\u00f3rica y el mensaje social. Contar\u00e1 con la presencia de <strong>Laureano Dominguez<\/strong>, responsable de la editorial Astiberri adem\u00e1s de los autores <strong>Miguel Brieva<\/strong> (<em>Se busca un futuro posible en el que desear vivir<\/em>) y los burgaleses <strong>Javier Mart\u00ednez Sancho<\/strong> (<em>La Promesa. Antonio Benaiges, el maestro que prometi\u00f3 el mar<\/em>) y <strong>Mar\u00eda de la Fuente Soro<\/strong> (<em>Gamonal. En el eco de un mismo recuerdo<\/em>).<\/p>\n<p style=\"text-align: center;\"><img loading=\"lazy\" class=\"aligncenter wp-image-24935 size-large\" src=\"http:\/\/diariodevurgos.com\/dvwps\/wp-content\/uploads\/2024\/03\/Mesa-redonda-1024x1024.jpg\" alt=\"\" width=\"580\" height=\"580\" srcset=\"https:\/\/diariodevurgos.com\/dvwps\/wp-content\/uploads\/2024\/03\/Mesa-redonda-1024x1024.jpg 1024w, https:\/\/diariodevurgos.com\/dvwps\/wp-content\/uploads\/2024\/03\/Mesa-redonda-300x300.jpg 300w, https:\/\/diariodevurgos.com\/dvwps\/wp-content\/uploads\/2024\/03\/Mesa-redonda-150x150.jpg 150w, https:\/\/diariodevurgos.com\/dvwps\/wp-content\/uploads\/2024\/03\/Mesa-redonda-768x768.jpg 768w, https:\/\/diariodevurgos.com\/dvwps\/wp-content\/uploads\/2024\/03\/Mesa-redonda-370x370.jpg 370w, https:\/\/diariodevurgos.com\/dvwps\/wp-content\/uploads\/2024\/03\/Mesa-redonda-125x125.jpg 125w, https:\/\/diariodevurgos.com\/dvwps\/wp-content\/uploads\/2024\/03\/Mesa-redonda.jpg 1080w\" sizes=\"(max-width: 580px) 100vw, 580px\" \/><\/p>\n","protected":false},"excerpt":{"rendered":"<p>El pr\u00f3ximo jueves 4 de abril dar\u00e1 comienzo Vi\u00f1etas &amp; Subversi\u00f3n con la primera sesi\u00f3n inaugural de las I jornadas de c\u00f3mic social y libertario de Burgos en Espacio Tangente a partir de las 20:00 horas. Esta primera sesi\u00f3n se desarrollar\u00e1 a modo de mesa redonda con la que reflexionar acerca de la potencialidad del&#8230;  <a href=\"https:\/\/diariodevurgos.com\/dvwps\/mesa-redonda-comic-memoria-historica-y-mensaje-social.php\" class=\"more-link\" title=\"Read Mesa redonda: c\u00f3mic, memoria hist\u00f3rica y mensaje social\">Read more &raquo;<\/a><\/p>\n","protected":false},"author":2,"featured_media":24935,"comment_status":"open","ping_status":"closed","sticky":false,"template":"","format":"standard","meta":[],"categories":[2,73,103,14,71],"tags":[],"_links":{"self":[{"href":"https:\/\/diariodevurgos.com\/dvwps\/wp-json\/wp\/v2\/posts\/24934"}],"collection":[{"href":"https:\/\/diariodevurgos.com\/dvwps\/wp-json\/wp\/v2\/posts"}],"about":[{"href":"https:\/\/diariodevurgos.com\/dvwps\/wp-json\/wp\/v2\/types\/post"}],"author":[{"embeddable":true,"href":"https:\/\/diariodevurgos.com\/dvwps\/wp-json\/wp\/v2\/users\/2"}],"replies":[{"embeddable":true,"href":"https:\/\/diariodevurgos.com\/dvwps\/wp-json\/wp\/v2\/comments?post=24934"}],"version-history":[{"count":2,"href":"https:\/\/diariodevurgos.com\/dvwps\/wp-json\/wp\/v2\/posts\/24934\/revisions"}],"predecessor-version":[{"id":24937,"href":"https:\/\/diariodevurgos.com\/dvwps\/wp-json\/wp\/v2\/posts\/24934\/revisions\/24937"}],"wp:featuredmedia":[{"embeddable":true,"href":"https:\/\/diariodevurgos.com\/dvwps\/wp-json\/wp\/v2\/media\/24935"}],"wp:attachment":[{"href":"https:\/\/diariodevurgos.com\/dvwps\/wp-json\/wp\/v2\/media?parent=24934"}],"wp:term":[{"taxonomy":"category","embeddable":true,"href":"https:\/\/diariodevurgos.com\/dvwps\/wp-json\/wp\/v2\/categories?post=24934"},{"taxonomy":"post_tag","embeddable":true,"href":"https:\/\/diariodevurgos.com\/dvwps\/wp-json\/wp\/v2\/tags?post=24934"}],"curies":[{"name":"wp","href":"https:\/\/api.w.org\/{rel}","templated":true}]}}