{"id":24964,"date":"2024-04-05T06:38:41","date_gmt":"2024-04-05T04:38:41","guid":{"rendered":"https:\/\/diariodevurgos.com\/dvwps\/?p=24964"},"modified":"2024-04-05T06:38:43","modified_gmt":"2024-04-05T04:38:43","slug":"presentacion-del-libro-el-pensamiento-militarista-sobre-las-guerras-justas","status":"publish","type":"post","link":"https:\/\/diariodevurgos.com\/dvwps\/presentacion-del-libro-el-pensamiento-militarista-sobre-las-guerras-justas.php","title":{"rendered":"Presentaci\u00f3n del libro \u201cEl pensamiento militarista sobre las guerras justas\u201d"},"content":{"rendered":"<p class=\"lead\">El pr\u00f3ximo s<strong>\u00e1bado 13 de abril<\/strong> la <a href=\"https:\/\/lamaldita.org\/\">Biblioteca Anarquista La Maldita<\/a> acoger\u00e1 la presentaci\u00f3n del libro<a href=\"https:\/\/www.catarata.org\/libro\/el-pensamiento-militarista_150336\/\"><em> El pensamiento militarista sobre \u201clas guerras justas\u201d<\/em> <\/a>de <strong>Fernando Hern\u00e1ndez Lago.<\/strong> La actividad, que dar\u00e1 comienzo a las <strong>12:00 horas<\/strong> y contar\u00e1 con la presencia del autor de la obra, se incluye dentro de las <strong>Jornadas de apoyo al pueblo palestino y por el fin de la ocupaci\u00f3n.<\/strong><\/p>\n<p style=\"text-align: center;\"><img loading=\"lazy\" class=\"aligncenter wp-image-24965 \" src=\"http:\/\/diariodevurgos.com\/dvwps\/wp-content\/uploads\/2024\/04\/Charla-Palestina-Biblio-La-Maldita-1024x1024.jpeg\" alt=\"\" width=\"531\" height=\"531\" srcset=\"https:\/\/diariodevurgos.com\/dvwps\/wp-content\/uploads\/2024\/04\/Charla-Palestina-Biblio-La-Maldita-1024x1024.jpeg 1024w, https:\/\/diariodevurgos.com\/dvwps\/wp-content\/uploads\/2024\/04\/Charla-Palestina-Biblio-La-Maldita-300x300.jpeg 300w, https:\/\/diariodevurgos.com\/dvwps\/wp-content\/uploads\/2024\/04\/Charla-Palestina-Biblio-La-Maldita-150x150.jpeg 150w, https:\/\/diariodevurgos.com\/dvwps\/wp-content\/uploads\/2024\/04\/Charla-Palestina-Biblio-La-Maldita-768x768.jpeg 768w, https:\/\/diariodevurgos.com\/dvwps\/wp-content\/uploads\/2024\/04\/Charla-Palestina-Biblio-La-Maldita-1536x1536.jpeg 1536w, https:\/\/diariodevurgos.com\/dvwps\/wp-content\/uploads\/2024\/04\/Charla-Palestina-Biblio-La-Maldita-370x370.jpeg 370w, https:\/\/diariodevurgos.com\/dvwps\/wp-content\/uploads\/2024\/04\/Charla-Palestina-Biblio-La-Maldita-125x125.jpeg 125w, https:\/\/diariodevurgos.com\/dvwps\/wp-content\/uploads\/2024\/04\/Charla-Palestina-Biblio-La-Maldita.jpeg 1600w\" sizes=\"(max-width: 531px) 100vw, 531px\" \/><\/p>\n","protected":false},"excerpt":{"rendered":"<p>El pr\u00f3ximo s\u00e1bado 13 de abril la Biblioteca Anarquista La Maldita acoger\u00e1 la presentaci\u00f3n del libro El pensamiento militarista sobre \u201clas guerras justas\u201d de Fernando Hern\u00e1ndez Lago. La actividad, que dar\u00e1 comienzo a las 12:00 horas y contar\u00e1 con la presencia del autor de la obra, se incluye dentro de las Jornadas de apoyo al&#8230;  <a href=\"https:\/\/diariodevurgos.com\/dvwps\/presentacion-del-libro-el-pensamiento-militarista-sobre-las-guerras-justas.php\" class=\"more-link\" title=\"Read Presentaci\u00f3n del libro \u201cEl pensamiento militarista sobre las guerras justas\u201d\">Read more &raquo;<\/a><\/p>\n","protected":false},"author":2,"featured_media":24965,"comment_status":"open","ping_status":"closed","sticky":false,"template":"","format":"standard","meta":[],"categories":[69,2,14,27,47,8],"tags":[],"_links":{"self":[{"href":"https:\/\/diariodevurgos.com\/dvwps\/wp-json\/wp\/v2\/posts\/24964"}],"collection":[{"href":"https:\/\/diariodevurgos.com\/dvwps\/wp-json\/wp\/v2\/posts"}],"about":[{"href":"https:\/\/diariodevurgos.com\/dvwps\/wp-json\/wp\/v2\/types\/post"}],"author":[{"embeddable":true,"href":"https:\/\/diariodevurgos.com\/dvwps\/wp-json\/wp\/v2\/users\/2"}],"replies":[{"embeddable":true,"href":"https:\/\/diariodevurgos.com\/dvwps\/wp-json\/wp\/v2\/comments?post=24964"}],"version-history":[{"count":1,"href":"https:\/\/diariodevurgos.com\/dvwps\/wp-json\/wp\/v2\/posts\/24964\/revisions"}],"predecessor-version":[{"id":24966,"href":"https:\/\/diariodevurgos.com\/dvwps\/wp-json\/wp\/v2\/posts\/24964\/revisions\/24966"}],"wp:featuredmedia":[{"embeddable":true,"href":"https:\/\/diariodevurgos.com\/dvwps\/wp-json\/wp\/v2\/media\/24965"}],"wp:attachment":[{"href":"https:\/\/diariodevurgos.com\/dvwps\/wp-json\/wp\/v2\/media?parent=24964"}],"wp:term":[{"taxonomy":"category","embeddable":true,"href":"https:\/\/diariodevurgos.com\/dvwps\/wp-json\/wp\/v2\/categories?post=24964"},{"taxonomy":"post_tag","embeddable":true,"href":"https:\/\/diariodevurgos.com\/dvwps\/wp-json\/wp\/v2\/tags?post=24964"}],"curies":[{"name":"wp","href":"https:\/\/api.w.org\/{rel}","templated":true}]}}