{"id":24967,"date":"2024-04-07T10:13:23","date_gmt":"2024-04-07T08:13:23","guid":{"rendered":"https:\/\/diariodevurgos.com\/dvwps\/?p=24967"},"modified":"2024-04-07T10:16:19","modified_gmt":"2024-04-07T08:16:19","slug":"presentacion-del-comic-maria-la-jabalina","status":"publish","type":"post","link":"https:\/\/diariodevurgos.com\/dvwps\/presentacion-del-comic-maria-la-jabalina.php","title":{"rendered":"Presentaci\u00f3n del c\u00f3mic \u201cMar\u00eda La Jabalina\u201d"},"content":{"rendered":"<p class=\"lead\">El <strong>s\u00e1bado 13 de abril<\/strong> la <a href=\"https:\/\/lamaldita.org\/\">Biblioteca La Maldita<\/a> acoger\u00e1 la presentaci\u00f3n del c\u00f3mic <a href=\"https:\/\/www.publico.es\/politica\/maria-jabalina-vida-ultima-fusilada-franquismo-pais-valencia-comic.html\"><em>Mar\u00eda La Jabalina<\/em> <\/a>a partir de las <strong>19:00 horas<\/strong>. La iniciativa, que se integra dentro del programa de <em><strong>Vi\u00f1etas &amp; Subversi\u00f3n<\/strong><\/em>, las <a href=\"https:\/\/tertuliagrafica.com\/i-jornadas-de-comic-social-burgos\/\">I Jornadas de C\u00f3mic Social y Libertario de Burgos<\/a>, contar\u00e1 con la presencia de <strong>Cristina Dur\u00e1n<\/strong> y<strong> Miguel \u00c1ngel Giner<\/strong>, autores de esta novela gr\u00e1fica\u00a0 y galardonados con el Premio Nacional de C\u00f3mic otorgado en 2019.<\/p>\n<p><a href=\"https:\/\/www.astiberri.com\/products\/maria-la-jabalina\"><em>Mar\u00eda La Jabalina<\/em><\/a> es un c\u00f3mic que aborda la historia de <strong>Mar\u00eda P\u00e9rez Lacruz,<\/strong> joven anarquista y militante de las Juventudes Libertarias de Valencia crecida en torno a la f\u00e1brica del Puerto de Sagunto. Con tan solo 18 a\u00f1os se alist\u00f3 en la Columna de Hierro, donde realiz\u00f3 labores de enfermera. Ya en la posguerra, fue delatada, encarcelada y fusilada en 1942 en El Terrer, el tristemente conocido muro de Paterna. Una novela gr\u00e1fica que, en definitiva, aborda la vida de una mujer que luch\u00f3 por la justicia social y la libertad y pag\u00f3 con su vida por ello.<\/p>\n<p style=\"text-align: center;\"><img loading=\"lazy\" class=\"aligncenter wp-image-24968 \" src=\"http:\/\/diariodevurgos.com\/dvwps\/wp-content\/uploads\/2024\/04\/Maria-La-Jabalina-1024x1024.jpg\" alt=\"\" width=\"553\" height=\"553\" srcset=\"https:\/\/diariodevurgos.com\/dvwps\/wp-content\/uploads\/2024\/04\/Maria-La-Jabalina-1024x1024.jpg 1024w, https:\/\/diariodevurgos.com\/dvwps\/wp-content\/uploads\/2024\/04\/Maria-La-Jabalina-300x300.jpg 300w, https:\/\/diariodevurgos.com\/dvwps\/wp-content\/uploads\/2024\/04\/Maria-La-Jabalina-150x150.jpg 150w, https:\/\/diariodevurgos.com\/dvwps\/wp-content\/uploads\/2024\/04\/Maria-La-Jabalina-768x768.jpg 768w, https:\/\/diariodevurgos.com\/dvwps\/wp-content\/uploads\/2024\/04\/Maria-La-Jabalina-370x370.jpg 370w, https:\/\/diariodevurgos.com\/dvwps\/wp-content\/uploads\/2024\/04\/Maria-La-Jabalina-125x125.jpg 125w, https:\/\/diariodevurgos.com\/dvwps\/wp-content\/uploads\/2024\/04\/Maria-La-Jabalina.jpg 1080w\" sizes=\"(max-width: 553px) 100vw, 553px\" \/><\/p>\n","protected":false},"excerpt":{"rendered":"<p>El s\u00e1bado 13 de abril la Biblioteca La Maldita acoger\u00e1 la presentaci\u00f3n del c\u00f3mic Mar\u00eda La Jabalina a partir de las 19:00 horas. La iniciativa, que se integra dentro del programa de Vi\u00f1etas &amp; Subversi\u00f3n, las I Jornadas de C\u00f3mic Social y Libertario de Burgos, contar\u00e1 con la presencia de Cristina Dur\u00e1n y Miguel \u00c1ngel&#8230;  <a href=\"https:\/\/diariodevurgos.com\/dvwps\/presentacion-del-comic-maria-la-jabalina.php\" class=\"more-link\" title=\"Read Presentaci\u00f3n del c\u00f3mic \u201cMar\u00eda La Jabalina\u201d\">Read more &raquo;<\/a><\/p>\n","protected":false},"author":2,"featured_media":24968,"comment_status":"open","ping_status":"closed","sticky":false,"template":"","format":"standard","meta":[],"categories":[112,2,73,14,27,6,47,71,8],"tags":[],"_links":{"self":[{"href":"https:\/\/diariodevurgos.com\/dvwps\/wp-json\/wp\/v2\/posts\/24967"}],"collection":[{"href":"https:\/\/diariodevurgos.com\/dvwps\/wp-json\/wp\/v2\/posts"}],"about":[{"href":"https:\/\/diariodevurgos.com\/dvwps\/wp-json\/wp\/v2\/types\/post"}],"author":[{"embeddable":true,"href":"https:\/\/diariodevurgos.com\/dvwps\/wp-json\/wp\/v2\/users\/2"}],"replies":[{"embeddable":true,"href":"https:\/\/diariodevurgos.com\/dvwps\/wp-json\/wp\/v2\/comments?post=24967"}],"version-history":[{"count":2,"href":"https:\/\/diariodevurgos.com\/dvwps\/wp-json\/wp\/v2\/posts\/24967\/revisions"}],"predecessor-version":[{"id":24971,"href":"https:\/\/diariodevurgos.com\/dvwps\/wp-json\/wp\/v2\/posts\/24967\/revisions\/24971"}],"wp:featuredmedia":[{"embeddable":true,"href":"https:\/\/diariodevurgos.com\/dvwps\/wp-json\/wp\/v2\/media\/24968"}],"wp:attachment":[{"href":"https:\/\/diariodevurgos.com\/dvwps\/wp-json\/wp\/v2\/media?parent=24967"}],"wp:term":[{"taxonomy":"category","embeddable":true,"href":"https:\/\/diariodevurgos.com\/dvwps\/wp-json\/wp\/v2\/categories?post=24967"},{"taxonomy":"post_tag","embeddable":true,"href":"https:\/\/diariodevurgos.com\/dvwps\/wp-json\/wp\/v2\/tags?post=24967"}],"curies":[{"name":"wp","href":"https:\/\/api.w.org\/{rel}","templated":true}]}}