{"id":24979,"date":"2024-04-17T07:19:39","date_gmt":"2024-04-17T05:19:39","guid":{"rendered":"https:\/\/diariodevurgos.com\/dvwps\/?p=24979"},"modified":"2024-04-17T07:19:40","modified_gmt":"2024-04-17T05:19:40","slug":"presentacion-del-comic-el-cielo-en-la-cabeza-en-csr-gamonal","status":"publish","type":"post","link":"https:\/\/diariodevurgos.com\/dvwps\/presentacion-del-comic-el-cielo-en-la-cabeza-en-csr-gamonal.php","title":{"rendered":"Presentaci\u00f3n del c\u00f3mic \u201cEl cielo en la cabeza\u201d en CSR Gamonal"},"content":{"rendered":"<p class=\"lead\">El pr\u00f3ximo <strong>mi\u00e9rcoles 24 de abril<\/strong> el <a href=\"https:\/\/csrgamonal.ga\/2024\/03\/22\/presentacion-del-comic-el-cielo-en-la-cabeza\/\">Centro Social Recuperado de Gamonal<\/a> acoger\u00e1 la presentaci\u00f3n del c\u00f3mic <em><a href=\"https:\/\/www.txalaparta.eus\/es\/libros\/el-cielo-en-la-cabeza\">El cielo en la cabeza<\/a>.<\/em> Un evento que forma parte de la iniciativa <strong>VI\u00d1ETAS &amp; SUBERSI\u00d3N<\/strong> con la que diversos colectivos y organizaciones de la ciudad est\u00e1n impulsando las<a href=\"https:\/\/tertuliagrafica.com\/i-jornadas-de-comic-social-burgos\/\"> I Jornadas de C\u00f3mic Social y Libertario de Burgos<\/a> que se desarrollar\u00e1n durante todo el mes de abril.<\/p>\n<p>Esta tercera sesi\u00f3n de las jornadas, que dar\u00e1 comienzo a las <strong>19:00 horas<\/strong>, contar\u00e1 con la presencia de <a href=\"http:\/\/www.antonioaltarriba.com\/\">Antonio Altarriba<\/a>, guionista de <em>El cielo en la cabeza<\/em> y <strong>Premio Nacional de C\u00f3mic en 2010<\/strong>, que nos presentar\u00e1 un c\u00f3mic que aborda el drama de los miles de inmigrantes africanos que se embarcan rumbo a las costas de Europa emprendiendo un viaje monstruoso, aterrador y sin retorno cuya distancia no se mide en kil\u00f3metros, sino en horrores y en vidas humanas.<\/p>\n<p style=\"text-align: center;\"><img loading=\"lazy\" class=\"aligncenter wp-image-24980 size-large\" src=\"http:\/\/diariodevurgos.com\/dvwps\/wp-content\/uploads\/2024\/04\/El-cielo-en-la-cabeza-1024x1024.jpg\" alt=\"\" width=\"580\" height=\"580\" srcset=\"https:\/\/diariodevurgos.com\/dvwps\/wp-content\/uploads\/2024\/04\/El-cielo-en-la-cabeza-1024x1024.jpg 1024w, https:\/\/diariodevurgos.com\/dvwps\/wp-content\/uploads\/2024\/04\/El-cielo-en-la-cabeza-300x300.jpg 300w, https:\/\/diariodevurgos.com\/dvwps\/wp-content\/uploads\/2024\/04\/El-cielo-en-la-cabeza-150x150.jpg 150w, https:\/\/diariodevurgos.com\/dvwps\/wp-content\/uploads\/2024\/04\/El-cielo-en-la-cabeza-768x768.jpg 768w, https:\/\/diariodevurgos.com\/dvwps\/wp-content\/uploads\/2024\/04\/El-cielo-en-la-cabeza-370x370.jpg 370w, https:\/\/diariodevurgos.com\/dvwps\/wp-content\/uploads\/2024\/04\/El-cielo-en-la-cabeza-125x125.jpg 125w, https:\/\/diariodevurgos.com\/dvwps\/wp-content\/uploads\/2024\/04\/El-cielo-en-la-cabeza.jpg 1080w\" sizes=\"(max-width: 580px) 100vw, 580px\" \/><\/p>\n","protected":false},"excerpt":{"rendered":"<p>El pr\u00f3ximo mi\u00e9rcoles 24 de abril el Centro Social Recuperado de Gamonal acoger\u00e1 la presentaci\u00f3n del c\u00f3mic El cielo en la cabeza. Un evento que forma parte de la iniciativa VI\u00d1ETAS &amp; SUBERSI\u00d3N con la que diversos colectivos y organizaciones de la ciudad est\u00e1n impulsando las I Jornadas de C\u00f3mic Social y Libertario de Burgos&#8230;  <a href=\"https:\/\/diariodevurgos.com\/dvwps\/presentacion-del-comic-el-cielo-en-la-cabeza-en-csr-gamonal.php\" class=\"more-link\" title=\"Read Presentaci\u00f3n del c\u00f3mic \u201cEl cielo en la cabeza\u201d en CSR Gamonal\">Read more &raquo;<\/a><\/p>\n","protected":false},"author":2,"featured_media":24980,"comment_status":"open","ping_status":"closed","sticky":false,"template":"","format":"standard","meta":[],"categories":[2,73,78,14,27,24],"tags":[],"_links":{"self":[{"href":"https:\/\/diariodevurgos.com\/dvwps\/wp-json\/wp\/v2\/posts\/24979"}],"collection":[{"href":"https:\/\/diariodevurgos.com\/dvwps\/wp-json\/wp\/v2\/posts"}],"about":[{"href":"https:\/\/diariodevurgos.com\/dvwps\/wp-json\/wp\/v2\/types\/post"}],"author":[{"embeddable":true,"href":"https:\/\/diariodevurgos.com\/dvwps\/wp-json\/wp\/v2\/users\/2"}],"replies":[{"embeddable":true,"href":"https:\/\/diariodevurgos.com\/dvwps\/wp-json\/wp\/v2\/comments?post=24979"}],"version-history":[{"count":2,"href":"https:\/\/diariodevurgos.com\/dvwps\/wp-json\/wp\/v2\/posts\/24979\/revisions"}],"predecessor-version":[{"id":24982,"href":"https:\/\/diariodevurgos.com\/dvwps\/wp-json\/wp\/v2\/posts\/24979\/revisions\/24982"}],"wp:featuredmedia":[{"embeddable":true,"href":"https:\/\/diariodevurgos.com\/dvwps\/wp-json\/wp\/v2\/media\/24980"}],"wp:attachment":[{"href":"https:\/\/diariodevurgos.com\/dvwps\/wp-json\/wp\/v2\/media?parent=24979"}],"wp:term":[{"taxonomy":"category","embeddable":true,"href":"https:\/\/diariodevurgos.com\/dvwps\/wp-json\/wp\/v2\/categories?post=24979"},{"taxonomy":"post_tag","embeddable":true,"href":"https:\/\/diariodevurgos.com\/dvwps\/wp-json\/wp\/v2\/tags?post=24979"}],"curies":[{"name":"wp","href":"https:\/\/api.w.org\/{rel}","templated":true}]}}