{"id":24989,"date":"2024-04-21T07:29:40","date_gmt":"2024-04-21T05:29:40","guid":{"rendered":"https:\/\/diariodevurgos.com\/dvwps\/?p=24989"},"modified":"2024-04-21T07:29:41","modified_gmt":"2024-04-21T05:29:41","slug":"presentacion-de-pan-y-odio-los-dificiles-anos-30","status":"publish","type":"post","link":"https:\/\/diariodevurgos.com\/dvwps\/presentacion-de-pan-y-odio-los-dificiles-anos-30.php","title":{"rendered":"Presentaci\u00f3n de \u201cPan y odio. Los dif\u00edciles a\u00f1os 30\u201d"},"content":{"rendered":"<p class=\"lead\">Como guinda final de estas <a href=\"https:\/\/tertuliagrafica.com\/i-jornadas-de-comic-social-burgos\/\">Jornadas de C\u00f3mic Social y Libertario<\/a> (<em>vi\u00f1etas y subversi\u00f3n<\/em>) de Burgos, el pr\u00f3ximo <strong>s\u00e1bado 27 de abril<\/strong> <a href=\"https:\/\/burgos.cnt.es\/\">CNT de Burgos<\/a> acoger\u00e1 la presentaci\u00f3n del c\u00f3mic <a href=\"https:\/\/librosfugitivos.es\/comic-espanol-moderno\/2305180003-pan-y-odio-los-duros-anos-30-antonio-raya-rosas-trilita-2023-9788412511246.html#\"><em>Pan y odio. Los dif\u00edciles a\u00f1os 30.<\/em><\/a> La presentaci\u00f3n, que dar\u00e1 comienzo a partir de las <strong>19:00 horas<\/strong>, contar\u00e1 con la participaci\u00f3n de <strong>Antonio Raya<\/strong>, autor de este c\u00f3mic que nos trasladas a los dif\u00edciles y convulsos a\u00f1os 30.<\/p>\n<p><em>Pan y odio<\/em> es una novela gr\u00e1fica con la que <strong>Antonio Raya Rosas<\/strong>, que estar\u00e1 nuevamente presente en Burgos para clausurar estas jornadas, prosigue la saga iniciada con las anteriores <em>Nubes Negras<\/em> y <em>Ron Negro<\/em>. Un c\u00f3mic donde se nos sumerge en las peripecias vitales de un jornalero andaluz que, escapando de la Barcelona del pistolerismo, emigra a Cuba y despu\u00e9s a Estados Unidos. All\u00ed se ver\u00e1 inmerso en la Gran Depresi\u00f3n que asola el Medio Oeste norteamericano. A su regreso a Barcelona, vivir\u00e1 como militante de CNT Los dif\u00edciles a\u00f1os 30 que servir\u00e1n de antesala a la Guerra Civil.<\/p>\n<p style=\"text-align: center;\"><img loading=\"lazy\" class=\"aligncenter wp-image-24990 \" src=\"http:\/\/diariodevurgos.com\/dvwps\/wp-content\/uploads\/2024\/04\/Pan-y-odio-1024x1024.jpg\" alt=\"\" width=\"561\" height=\"561\" srcset=\"https:\/\/diariodevurgos.com\/dvwps\/wp-content\/uploads\/2024\/04\/Pan-y-odio-1024x1024.jpg 1024w, https:\/\/diariodevurgos.com\/dvwps\/wp-content\/uploads\/2024\/04\/Pan-y-odio-300x300.jpg 300w, https:\/\/diariodevurgos.com\/dvwps\/wp-content\/uploads\/2024\/04\/Pan-y-odio-150x150.jpg 150w, https:\/\/diariodevurgos.com\/dvwps\/wp-content\/uploads\/2024\/04\/Pan-y-odio-768x768.jpg 768w, https:\/\/diariodevurgos.com\/dvwps\/wp-content\/uploads\/2024\/04\/Pan-y-odio-370x370.jpg 370w, https:\/\/diariodevurgos.com\/dvwps\/wp-content\/uploads\/2024\/04\/Pan-y-odio-125x125.jpg 125w, https:\/\/diariodevurgos.com\/dvwps\/wp-content\/uploads\/2024\/04\/Pan-y-odio.jpg 1080w\" sizes=\"(max-width: 561px) 100vw, 561px\" \/><\/p>\n","protected":false},"excerpt":{"rendered":"<p>Como guinda final de estas Jornadas de C\u00f3mic Social y Libertario (vi\u00f1etas y subversi\u00f3n) de Burgos, el pr\u00f3ximo s\u00e1bado 27 de abril CNT de Burgos acoger\u00e1 la presentaci\u00f3n del c\u00f3mic Pan y odio. Los dif\u00edciles a\u00f1os 30. La presentaci\u00f3n, que dar\u00e1 comienzo a partir de las 19:00 horas, contar\u00e1 con la participaci\u00f3n de Antonio Raya,&#8230;  <a href=\"https:\/\/diariodevurgos.com\/dvwps\/presentacion-de-pan-y-odio-los-dificiles-anos-30.php\" class=\"more-link\" title=\"Read Presentaci\u00f3n de \u201cPan y odio. Los dif\u00edciles a\u00f1os 30\u201d\">Read more &raquo;<\/a><\/p>\n","protected":false},"author":2,"featured_media":24990,"comment_status":"open","ping_status":"closed","sticky":false,"template":"","format":"standard","meta":[],"categories":[112,2,73,14,6,8],"tags":[],"_links":{"self":[{"href":"https:\/\/diariodevurgos.com\/dvwps\/wp-json\/wp\/v2\/posts\/24989"}],"collection":[{"href":"https:\/\/diariodevurgos.com\/dvwps\/wp-json\/wp\/v2\/posts"}],"about":[{"href":"https:\/\/diariodevurgos.com\/dvwps\/wp-json\/wp\/v2\/types\/post"}],"author":[{"embeddable":true,"href":"https:\/\/diariodevurgos.com\/dvwps\/wp-json\/wp\/v2\/users\/2"}],"replies":[{"embeddable":true,"href":"https:\/\/diariodevurgos.com\/dvwps\/wp-json\/wp\/v2\/comments?post=24989"}],"version-history":[{"count":1,"href":"https:\/\/diariodevurgos.com\/dvwps\/wp-json\/wp\/v2\/posts\/24989\/revisions"}],"predecessor-version":[{"id":24991,"href":"https:\/\/diariodevurgos.com\/dvwps\/wp-json\/wp\/v2\/posts\/24989\/revisions\/24991"}],"wp:featuredmedia":[{"embeddable":true,"href":"https:\/\/diariodevurgos.com\/dvwps\/wp-json\/wp\/v2\/media\/24990"}],"wp:attachment":[{"href":"https:\/\/diariodevurgos.com\/dvwps\/wp-json\/wp\/v2\/media?parent=24989"}],"wp:term":[{"taxonomy":"category","embeddable":true,"href":"https:\/\/diariodevurgos.com\/dvwps\/wp-json\/wp\/v2\/categories?post=24989"},{"taxonomy":"post_tag","embeddable":true,"href":"https:\/\/diariodevurgos.com\/dvwps\/wp-json\/wp\/v2\/tags?post=24989"}],"curies":[{"name":"wp","href":"https:\/\/api.w.org\/{rel}","templated":true}]}}