{"id":24992,"date":"2024-04-21T09:09:41","date_gmt":"2024-04-21T07:09:41","guid":{"rendered":"https:\/\/diariodevurgos.com\/dvwps\/?p=24992"},"modified":"2024-04-21T15:03:54","modified_gmt":"2024-04-21T13:03:54","slug":"vecinos-de-gamonal-protestas-contra-la-construccion-de-un-parking-en-altura-en-la-calle-maria-amigo","status":"publish","type":"post","link":"https:\/\/diariodevurgos.com\/dvwps\/vecinos-de-gamonal-protestas-contra-la-construccion-de-un-parking-en-altura-en-la-calle-maria-amigo.php","title":{"rendered":"Vecinos de Gamonal protestan contra la construcci\u00f3n de un parking en altura en la calle Mar\u00eda Amigo"},"content":{"rendered":"<p class=\"lead\">Desde hace ya algunas semanas son visibles las muestras de rechazo de algunos vecinos de Gamonal ante el proyecto de construcci\u00f3n de un <strong>parking en altura en el entorno de la calle Mar\u00eda Amigo.<\/strong> La intervenci\u00f3n, impulsada por el \u00e1rea de urbanismo del Ayuntamiento de Burgos, implica la modificaci\u00f3n del <strong>PGOU.<\/strong><!--more--><\/p>\n<p>Vecinos de Gamonal de los entornos de <strong>Mar\u00eda Amigo<\/strong>, <strong>Pablo Casals<\/strong> y <strong>Lu\u00eds Alberdi<\/strong>, entre otras calles, han hecho p\u00fablico su rechazo al proyecto de construcci\u00f3n de un parking en altura que el Ayuntamiento de Burgos pretende edificar entre las calles Mar\u00eda Amigo y la glorieta Ismael Garc\u00eda R\u00e1mila a trav\u00e9s de diferentes carteles y una gran pancarta visible en uno de los edificios m\u00e1s afectados.<\/p>\n<p>Fuentes vecinales consultadas por este medio se\u00f1alan que, la construcci\u00f3n de dicho parking en altura supondr\u00eda un impacto visual extremadamente negativo en una calle que lleva 40 a\u00f1os asentada y que tampoco solucionar\u00eda los problemas de aparcamiento que existen en dicha \u00e1rea. Adem\u00e1s, se se\u00f1ala que dicho proyecto significar\u00eda la destrucci\u00f3n de plazas de aparcamiento libres que ser\u00edan sustituidas por otras de rotaci\u00f3n y de pago lo que contribuir\u00eda a generar a\u00fan mayor malestar entre el vecindario.<\/p>\n<p style=\"text-align: center;\"><img loading=\"lazy\" class=\"aligncenter wp-image-24993 size-large\" src=\"http:\/\/diariodevurgos.com\/dvwps\/wp-content\/uploads\/2024\/04\/Parking-en-altura-Maria-Amigo-1024x768.jpg\" alt=\"\" width=\"580\" height=\"435\" srcset=\"https:\/\/diariodevurgos.com\/dvwps\/wp-content\/uploads\/2024\/04\/Parking-en-altura-Maria-Amigo-1024x768.jpg 1024w, https:\/\/diariodevurgos.com\/dvwps\/wp-content\/uploads\/2024\/04\/Parking-en-altura-Maria-Amigo-300x225.jpg 300w, https:\/\/diariodevurgos.com\/dvwps\/wp-content\/uploads\/2024\/04\/Parking-en-altura-Maria-Amigo-768x576.jpg 768w, https:\/\/diariodevurgos.com\/dvwps\/wp-content\/uploads\/2024\/04\/Parking-en-altura-Maria-Amigo-400x300.jpg 400w, https:\/\/diariodevurgos.com\/dvwps\/wp-content\/uploads\/2024\/04\/Parking-en-altura-Maria-Amigo-370x278.jpg 370w, https:\/\/diariodevurgos.com\/dvwps\/wp-content\/uploads\/2024\/04\/Parking-en-altura-Maria-Amigo.jpg 1080w\" sizes=\"(max-width: 580px) 100vw, 580px\" \/><\/p>\n<p style=\"text-align: center;\"><em>Rechazo vecinal en la calle Mar\u00eda Amigo de Gamonal \/\/ DV<\/em><\/p>\n<p>La construcci\u00f3n de dicho parking en altura, que implica la modificaci\u00f3n del <strong>Plan General de Ordenaci\u00f3n Urbana (PGOU)<\/strong>, que ya ha sido aprobada con los votos favorables de <strong>PP y VOX<\/strong>, ha sido defendida por el concejal de urbanismo del consistorio burgal\u00e9s, <strong>Juan Manuel Manso Villala\u00edn<\/strong>, que ha manifestado p\u00fablicamente su postura de no dar marcha atr\u00e1s a dicho proyecto a pesar de la oposici\u00f3n vecinal. Una oposici\u00f3n vecinal que tambi\u00e9n se ha hecho p\u00fablica en el entorno del colegio Sierra de Atapuerca, en la zona sur de la ciudad, donde el ayuntamiento plantea tambi\u00e9n construir un parking en altura frente al centro educativo.<\/p>\n<p>Gamonal, el barrio m\u00e1s populoso y densamente poblado de la ciudad, arrastra problemas urban\u00edsticos desde hace d\u00e9cadas y es un ejemplo casi de manual sobre como no se deben hacer las cosas por parte de las administraciones p\u00fablicas que, en la d\u00e9cada de los a\u00f1os 60, prefirieron dar prioridad al beneficio econ\u00f3mico de los constructores que al bienestar de los habitantes del barrio. Desde hace m\u00e1s de 40 a\u00f1os Gamonal ha experimentado conflictos vecinales relacionados con cuestiones urban\u00edsticas, como las protestas contra la construcci\u00f3n del<a href=\"https:\/\/www.youtube.com\/watch?v=ZiHOlAKgJJk\"> parking subterr\u00e1neo en la avenida Eladio Perlado<\/a>, o las<a href=\"https:\/\/vimeo.com\/292580088\"> protestas contra la construcci\u00f3n del bulevar en enero de 2014<\/a> que hicieron internacionalmente famoso al barrio.<\/p>\n<p>En pleno siglo XXI, cualquier intervenci\u00f3n urban\u00edstica en la zona deber\u00eda contar con el consenso de los vecinos que la habitan. Lo contrario est\u00e1 destinado al m\u00e1s rotundo fracaso ya que, como es sabido, \u201c en Gamonal, recordar y predecir el futuro a veces equivalen a la misma cosa&#8230; \u201d<\/p>\n","protected":false},"excerpt":{"rendered":"<p>Desde hace ya algunas semanas son visibles las muestras de rechazo de algunos vecinos de Gamonal ante el proyecto de construcci\u00f3n de un parking en altura en el entorno de la calle Mar\u00eda Amigo. La intervenci\u00f3n, impulsada por el \u00e1rea de urbanismo del Ayuntamiento de Burgos, implica la modificaci\u00f3n del PGOU.<\/p>\n","protected":false},"author":2,"featured_media":24993,"comment_status":"open","ping_status":"closed","sticky":false,"template":"","format":"standard","meta":[],"categories":[2,12,27,79,7],"tags":[],"_links":{"self":[{"href":"https:\/\/diariodevurgos.com\/dvwps\/wp-json\/wp\/v2\/posts\/24992"}],"collection":[{"href":"https:\/\/diariodevurgos.com\/dvwps\/wp-json\/wp\/v2\/posts"}],"about":[{"href":"https:\/\/diariodevurgos.com\/dvwps\/wp-json\/wp\/v2\/types\/post"}],"author":[{"embeddable":true,"href":"https:\/\/diariodevurgos.com\/dvwps\/wp-json\/wp\/v2\/users\/2"}],"replies":[{"embeddable":true,"href":"https:\/\/diariodevurgos.com\/dvwps\/wp-json\/wp\/v2\/comments?post=24992"}],"version-history":[{"count":3,"href":"https:\/\/diariodevurgos.com\/dvwps\/wp-json\/wp\/v2\/posts\/24992\/revisions"}],"predecessor-version":[{"id":24997,"href":"https:\/\/diariodevurgos.com\/dvwps\/wp-json\/wp\/v2\/posts\/24992\/revisions\/24997"}],"wp:featuredmedia":[{"embeddable":true,"href":"https:\/\/diariodevurgos.com\/dvwps\/wp-json\/wp\/v2\/media\/24993"}],"wp:attachment":[{"href":"https:\/\/diariodevurgos.com\/dvwps\/wp-json\/wp\/v2\/media?parent=24992"}],"wp:term":[{"taxonomy":"category","embeddable":true,"href":"https:\/\/diariodevurgos.com\/dvwps\/wp-json\/wp\/v2\/categories?post=24992"},{"taxonomy":"post_tag","embeddable":true,"href":"https:\/\/diariodevurgos.com\/dvwps\/wp-json\/wp\/v2\/tags?post=24992"}],"curies":[{"name":"wp","href":"https:\/\/api.w.org\/{rel}","templated":true}]}}