{"id":25005,"date":"2024-04-24T06:34:50","date_gmt":"2024-04-24T04:34:50","guid":{"rendered":"https:\/\/diariodevurgos.com\/dvwps\/?p=25005"},"modified":"2024-04-24T07:01:10","modified_gmt":"2024-04-24T05:01:10","slug":"por-un-1o-de-mayo-revolucionario","status":"publish","type":"post","link":"https:\/\/diariodevurgos.com\/dvwps\/por-un-1o-de-mayo-revolucionario.php","title":{"rendered":"Por un 1\u00ba de mayo revolucionario"},"content":{"rendered":"<p class=\"lead\">Las organizaciones <strong>CNT<\/strong>, <strong>CGT<\/strong> y la <strong>Biblioteca Anarquista La Maldita<\/strong> convocan a una manifestaci\u00f3n en <strong>Burgos<\/strong> para este <strong>mi\u00e9rcoles 1\u00ba de mayo<\/strong> que dar\u00e1 inicio a partir de las <strong>13:00 horas<\/strong> desde la <strong>plaza del Cid.<\/strong> Publicamos a continuaci\u00f3n el manifiesto conjunto por un 1\u00ba de mayo revolucionario y combativo <br \/><!--more--><\/p>\n\n\n<p><strong>Por un 1\u00bade mayo revolucionario. Por un 1\u00ba de mayo emancipador y combativo<\/strong><br>Podr\u00edamos empezar este texto como tantos otros del 1\u00ba de mayo denunciando las malas condiciones de vida de la clase trabajadora, los contratos basura, el maquillaje al capitalismo de los partidos de izquierda mientras los abusos de la patronal y del empresariado se suceden.<\/p>\n\n\n\n<p>Hablar tambi\u00e9n de los casos represivos a sindicalistas como los de <strong>\u201cLa Suiza\u201d<\/strong> en Xix\u00f3n, \u201c<strong>los 6 de Zaragoza\u201d <\/strong>o la represi\u00f3n brutal que ejerce el estado contra todos y todas las que obstaculicen sus planes de negocio.<\/p>\n\n\n\n<p>Podr\u00edamos seguir con las cifras de <strong>muertos en accidentes laborales (721)<\/strong>, amputados y enfermos, y ponerte el aumento con respecto al a\u00f1o anterior en porcentajes.<\/p>\n\n\n\n<p>Despu\u00e9s denunciar la corrupci\u00f3n del <strong>PSOE <\/strong>y del <strong>PP<\/strong>; la de los jueces y polic\u00edas, la de carceleros y jefes. Denunciar tambi\u00e9n a los medios de comunicaci\u00f3n por mentirnos una y otra vez de manera descarada, para manipularnos en funci\u00f3n de los intereses de su pagador. Y recordar tambi\u00e9n el peligro de la fascistizaci\u00f3n social, la amenaza del punitivismo, del militarismo, el patriotismo y el belicismo al que nos arrastra el pensamiento dirigido y dominante, as\u00ed como la deriva totalitaria y represiva adoptada por los estados. Podr\u00edamos hablarte de los peligros de la tecnolog\u00eda digital y de la perdida de una parte muy importante de la esencia del ser humano. De como nos a\u00edsla generando un marco perfecto para la alienaci\u00f3n capitalista.<\/p>\n\n\n<div class=\"wp-block-image\">\n<figure class=\"aligncenter size-large is-resized\"><img loading=\"lazy\" src=\"http:\/\/diariodevurgos.com\/dvwps\/wp-content\/uploads\/2024\/04\/1o-de-mayo-2024-724x1024.jpg\" alt=\"\" class=\"wp-image-25003\" width=\"-467\" height=\"-660\" srcset=\"https:\/\/diariodevurgos.com\/dvwps\/wp-content\/uploads\/2024\/04\/1o-de-mayo-2024-724x1024.jpg 724w, https:\/\/diariodevurgos.com\/dvwps\/wp-content\/uploads\/2024\/04\/1o-de-mayo-2024-212x300.jpg 212w, https:\/\/diariodevurgos.com\/dvwps\/wp-content\/uploads\/2024\/04\/1o-de-mayo-2024-768x1086.jpg 768w, https:\/\/diariodevurgos.com\/dvwps\/wp-content\/uploads\/2024\/04\/1o-de-mayo-2024-1086x1536.jpg 1086w, https:\/\/diariodevurgos.com\/dvwps\/wp-content\/uploads\/2024\/04\/1o-de-mayo-2024-370x523.jpg 370w, https:\/\/diariodevurgos.com\/dvwps\/wp-content\/uploads\/2024\/04\/1o-de-mayo-2024.jpg 1131w\" sizes=\"(max-width: 724px) 100vw, 724px\" \/><\/figure><\/div>\n\n\n<p>Podr\u00edamos denunciar los genocidios que asolan el mundo, las guerras y los intereses de la industria militar; la trata de seres humanos y las muertes en las fronteras, comisar\u00edas y CIES. En este mundo la muerte genera dinero. La destrucci\u00f3n de la vida y el planeta generan dinero.<\/p>\n\n\n\n<p>El doble rasero de los estados, las dos caras del poder, la hipocres\u00eda de los organismos internacionales que siendo parte del problema, toman decisiones que se traducen en incontables p\u00e9rdidas de vidas humanas.<br>Y despu\u00e9s, \u00bfqu\u00e9? Nos tomamos unas bravas y \u2026 \u00bfhasta el a\u00f1o que viene?<br><strong>\u00a1No!<\/strong><\/p>\n\n\n\n<p>Hay que parar la maquinaria: la soluci\u00f3n la tenemos nosotras, los y las trabajadoras. Hay que recuperar la huelga internacional insurrecional como medida de presi\u00f3n. Comprometernos con la lucha por un mundo justo y apostar por defender la vida hasta sus \u00faltimas consecuencias. Es urgente.<\/p>\n\n\n\n<p>Basta de medias tintas. El capitalismo no es reformable. El estado y sus instituciones nunca ser\u00e1n neutrales. Hasta que no acabemos con el capitalismo y el estado, jam\u00e1s seremos libres.<\/p>\n\n\n\n<p>Basta de falsas esperanzas, de discursos hip\u00f3critas, basta de seguidismos, basta de poses y elocuencias.<\/p>\n\n\n\n<p>Recuperemos el esp\u00edritu revolucionario del movimiento libertario, la solidaridad, el apoyo mutuo, la acci\u00f3n directa, la desobediencia, la ruptura, el conflicto permanente con la dominaci\u00f3n y con sus defensores sean del color que sean.<\/p>\n\n\n\n<p>Tomemos las calles una vez m\u00e1s, apostemos por la revoluci\u00f3n social frente a la barbarie capitalista y genocida.<\/p>\n\n\n\n<p><strong>POR UN PRIMERO DE MAYO QUE NOS LLEVE A UNA HUELGA INTERNACIONAL INSURRECCIONAL.<\/strong><\/p>\n\n\n\n<p><\/p>\n\n\n\n<p class=\"has-text-align-right\"><strong>CNT, CGT, BIBLIOTECA LA MALDITA<\/strong><\/p>\n\n\n\n<p>Descarga el texto en <a href=\"https:\/\/acrobat.adobe.com\/id\/urn:aaid:sc:EU:62624184-5e73-4fea-80c9-018df2cb502c\" data-type=\"URL\" data-id=\"https:\/\/acrobat.adobe.com\/id\/urn:aaid:sc:EU:62624184-5e73-4fea-80c9-018df2cb502c\">PDF aqu\u00ed:<\/a><\/p>\n","protected":false},"excerpt":{"rendered":"<p>Las organizaciones CNT, CGT y la Biblioteca Anarquista La Maldita convocan a una manifestaci\u00f3n en Burgos para este mi\u00e9rcoles 1\u00ba de mayo que dar\u00e1 inicio a partir de las 13:00 horas desde la plaza del Cid. Publicamos a continuaci\u00f3n el manifiesto conjunto por un 1\u00ba de mayo revolucionario y combativo<\/p>\n","protected":false},"author":2,"featured_media":25003,"comment_status":"open","ping_status":"closed","sticky":false,"template":"","format":"standard","meta":[],"categories":[2,49,7],"tags":[],"_links":{"self":[{"href":"https:\/\/diariodevurgos.com\/dvwps\/wp-json\/wp\/v2\/posts\/25005"}],"collection":[{"href":"https:\/\/diariodevurgos.com\/dvwps\/wp-json\/wp\/v2\/posts"}],"about":[{"href":"https:\/\/diariodevurgos.com\/dvwps\/wp-json\/wp\/v2\/types\/post"}],"author":[{"embeddable":true,"href":"https:\/\/diariodevurgos.com\/dvwps\/wp-json\/wp\/v2\/users\/2"}],"replies":[{"embeddable":true,"href":"https:\/\/diariodevurgos.com\/dvwps\/wp-json\/wp\/v2\/comments?post=25005"}],"version-history":[{"count":2,"href":"https:\/\/diariodevurgos.com\/dvwps\/wp-json\/wp\/v2\/posts\/25005\/revisions"}],"predecessor-version":[{"id":25008,"href":"https:\/\/diariodevurgos.com\/dvwps\/wp-json\/wp\/v2\/posts\/25005\/revisions\/25008"}],"wp:featuredmedia":[{"embeddable":true,"href":"https:\/\/diariodevurgos.com\/dvwps\/wp-json\/wp\/v2\/media\/25003"}],"wp:attachment":[{"href":"https:\/\/diariodevurgos.com\/dvwps\/wp-json\/wp\/v2\/media?parent=25005"}],"wp:term":[{"taxonomy":"category","embeddable":true,"href":"https:\/\/diariodevurgos.com\/dvwps\/wp-json\/wp\/v2\/categories?post=25005"},{"taxonomy":"post_tag","embeddable":true,"href":"https:\/\/diariodevurgos.com\/dvwps\/wp-json\/wp\/v2\/tags?post=25005"}],"curies":[{"name":"wp","href":"https:\/\/api.w.org\/{rel}","templated":true}]}}