{"id":25050,"date":"2024-06-12T07:19:26","date_gmt":"2024-06-12T05:19:26","guid":{"rendered":"https:\/\/diariodevurgos.com\/dvwps\/?p=25050"},"modified":"2024-06-12T07:19:28","modified_gmt":"2024-06-12T05:19:28","slug":"manifestacion-por-la-libertad-de-los-6-de-la-suiza","status":"publish","type":"post","link":"https:\/\/diariodevurgos.com\/dvwps\/manifestacion-por-la-libertad-de-los-6-de-la-suiza.php","title":{"rendered":"Manifestaci\u00f3n por la libertad de los 6 de la Suiza"},"content":{"rendered":"<p class=\"lead\">El pr\u00f3ximo <strong>s\u00e1bado 15 de junio<\/strong> a las <strong>12:00 horas<\/strong> tendr\u00e1 lugar en <strong>Gij\u00f3n<\/strong> una manifestaci\u00f3n en apoyo a los 6 anarcosindicalistas procesados en el denominado <a href=\"https:\/\/www.cnt.es\/noticias\/tag\/la-suiza\/\">conflicto sindical de la Suiza<\/a>. Desde <strong>CNT Burgos<\/strong> se ha fletado un autob\u00fas para acudir a dicha manifestaci\u00f3n en solidaridad con l@s compa\u00f1er@s represaliad@s por defender los derechos de los trabajadores. Para m\u00e1s informaci\u00f3n y reserva de plaza, consultar la informaci\u00f3n disponible en el cartel que publicamos a continuaci\u00f3n.<\/p>\n<p style=\"text-align: center;\"><img loading=\"lazy\" class=\"aligncenter wp-image-25051 \" src=\"http:\/\/diariodevurgos.com\/dvwps\/wp-content\/uploads\/2024\/06\/Manifestacion-6-Xixon-autobus-desde-Burgos-724x1024.jpg\" alt=\"\" width=\"484\" height=\"684\" srcset=\"https:\/\/diariodevurgos.com\/dvwps\/wp-content\/uploads\/2024\/06\/Manifestacion-6-Xixon-autobus-desde-Burgos-724x1024.jpg 724w, https:\/\/diariodevurgos.com\/dvwps\/wp-content\/uploads\/2024\/06\/Manifestacion-6-Xixon-autobus-desde-Burgos-212x300.jpg 212w, https:\/\/diariodevurgos.com\/dvwps\/wp-content\/uploads\/2024\/06\/Manifestacion-6-Xixon-autobus-desde-Burgos-768x1086.jpg 768w, https:\/\/diariodevurgos.com\/dvwps\/wp-content\/uploads\/2024\/06\/Manifestacion-6-Xixon-autobus-desde-Burgos-1086x1536.jpg 1086w, https:\/\/diariodevurgos.com\/dvwps\/wp-content\/uploads\/2024\/06\/Manifestacion-6-Xixon-autobus-desde-Burgos-370x523.jpg 370w, https:\/\/diariodevurgos.com\/dvwps\/wp-content\/uploads\/2024\/06\/Manifestacion-6-Xixon-autobus-desde-Burgos.jpg 1131w\" sizes=\"(max-width: 484px) 100vw, 484px\" \/><\/p>\n","protected":false},"excerpt":{"rendered":"<p>El pr\u00f3ximo s\u00e1bado 15 de junio a las 12:00 horas tendr\u00e1 lugar en Gij\u00f3n una manifestaci\u00f3n en apoyo a los 6 anarcosindicalistas procesados en el denominado conflicto sindical de la Suiza. Desde CNT Burgos se ha fletado un autob\u00fas para acudir a dicha manifestaci\u00f3n en solidaridad con l@s compa\u00f1er@s represaliad@s por defender los derechos de&#8230;  <a href=\"https:\/\/diariodevurgos.com\/dvwps\/manifestacion-por-la-libertad-de-los-6-de-la-suiza.php\" class=\"more-link\" title=\"Read Manifestaci\u00f3n por la libertad de los 6 de la Suiza\">Read more &raquo;<\/a><\/p>\n","protected":false},"author":2,"featured_media":25051,"comment_status":"open","ping_status":"closed","sticky":false,"template":"","format":"standard","meta":[],"categories":[2,14,1,49,17],"tags":[],"_links":{"self":[{"href":"https:\/\/diariodevurgos.com\/dvwps\/wp-json\/wp\/v2\/posts\/25050"}],"collection":[{"href":"https:\/\/diariodevurgos.com\/dvwps\/wp-json\/wp\/v2\/posts"}],"about":[{"href":"https:\/\/diariodevurgos.com\/dvwps\/wp-json\/wp\/v2\/types\/post"}],"author":[{"embeddable":true,"href":"https:\/\/diariodevurgos.com\/dvwps\/wp-json\/wp\/v2\/users\/2"}],"replies":[{"embeddable":true,"href":"https:\/\/diariodevurgos.com\/dvwps\/wp-json\/wp\/v2\/comments?post=25050"}],"version-history":[{"count":1,"href":"https:\/\/diariodevurgos.com\/dvwps\/wp-json\/wp\/v2\/posts\/25050\/revisions"}],"predecessor-version":[{"id":25052,"href":"https:\/\/diariodevurgos.com\/dvwps\/wp-json\/wp\/v2\/posts\/25050\/revisions\/25052"}],"wp:featuredmedia":[{"embeddable":true,"href":"https:\/\/diariodevurgos.com\/dvwps\/wp-json\/wp\/v2\/media\/25051"}],"wp:attachment":[{"href":"https:\/\/diariodevurgos.com\/dvwps\/wp-json\/wp\/v2\/media?parent=25050"}],"wp:term":[{"taxonomy":"category","embeddable":true,"href":"https:\/\/diariodevurgos.com\/dvwps\/wp-json\/wp\/v2\/categories?post=25050"},{"taxonomy":"post_tag","embeddable":true,"href":"https:\/\/diariodevurgos.com\/dvwps\/wp-json\/wp\/v2\/tags?post=25050"}],"curies":[{"name":"wp","href":"https:\/\/api.w.org\/{rel}","templated":true}]}}