{"id":25053,"date":"2024-06-18T16:52:59","date_gmt":"2024-06-18T14:52:59","guid":{"rendered":"https:\/\/diariodevurgos.com\/dvwps\/?p=25053"},"modified":"2024-06-18T17:28:22","modified_gmt":"2024-06-18T15:28:22","slug":"en-torrelara-macroplanta-solar-no","status":"publish","type":"post","link":"https:\/\/diariodevurgos.com\/dvwps\/en-torrelara-macroplanta-solar-no.php","title":{"rendered":"En Torrelara, Macroplanta solar NO"},"content":{"rendered":"\n<p class=\"lead\">A continuaci\u00f3n, se presenta una reflexi\u00f3n sobre  el proyecto de una macro planta solar que la multinacional  Edp Renewables Europe S.L. pretende acometer en las tierras del pueblo de Torrelara.<\/p>\n\n\n\n<!--more-->\n\n\n\n<p>Desde el principio de igualdad castellano, donde nadie es m\u00e1s que nadie, tradicionalmente, las gentes de la Sierra de la Demanda han vivido en sinton\u00eda con la tierra, viviendo por y para ella. Con af\u00e1n de querer seguir aprendiendo y creando pueblo d\u00eda a d\u00eda, con la participaci\u00f3n, el di\u00e1logo, el respeto y el no dejarse vencer por las dificultades.<\/p>\n\n\n\n<p><br>Para quien no conozca Torrelara, es una localidad situada en la provincia de Burgos, en el antiguo alfoz de Lara, al sur de la sierra de la Demanda y al norte de la sierra de Las Mamblas, a 28 km de Burgos; en la zona conocida como \u2018Laponia burgalesa\u2019, denominada as\u00ed debido al desierto demogr\u00e1fico que sufre esta comarca.<\/p>\n\n\n<div class=\"wp-block-image\">\n<figure class=\"aligncenter size-full\"><img loading=\"lazy\" width=\"256\" height=\"337\" src=\"https:\/\/diariodevurgos.com\/dvwps\/wp-content\/uploads\/2024\/06\/dv18-1.jpeg\" alt=\"\" class=\"wp-image-25056\" srcset=\"https:\/\/diariodevurgos.com\/dvwps\/wp-content\/uploads\/2024\/06\/dv18-1.jpeg 256w, https:\/\/diariodevurgos.com\/dvwps\/wp-content\/uploads\/2024\/06\/dv18-1-228x300.jpeg 228w\" sizes=\"(max-width: 256px) 100vw, 256px\" \/><\/figure><\/div>\n\n\n<p>Tiene un \u00e1rea de 12,51 km\u00b2 con una poblaci\u00f3n de 32 habitantes (INE 2023) y una densidad de 2,55 ha\/km\u00b2. Es un pueblo que se mantienen casi inalterable al paso del tiempo y que vive en estrecha relaci\u00f3n con el bosque y la tierra, de la que tradicionalmente han obtenido sus principales recursos en forma de cereal, ganado, madera, pastos, caza, setas o miel. <\/p>\n\n\n\n<p><\/p>\n\n\n\n<p>La vegetaci\u00f3n de esta zona es riqu\u00edsima. En ella destaca la presencia de bosques de encinas, robles y pinos. En cuanto a la fauna, mam\u00edferos como la ardilla, el ciervo, el corzo y jabal\u00ed conviven con \u00e1guilas, buitres, becadas, carboneros o perdices. El motor econ\u00f3mico de la zona sigue siendo la agricultura y la ganader\u00eda, gracias a sus buenos pastos y sus tierras. <\/p>\n\n\n\n<p><\/p>\n\n\n\n<p>Tambi\u00e9n tiene un gran patrimonio hist\u00f3rico, ya que la diversidad de dinosaurios, otros vertebrados y plantas fosilizadas convierten al yacimiento de este pueblo en uno de los yacimientos de la Pen\u00ednsula Ib\u00e9rica m\u00e1s importantes de la etapa final del Jur\u00e1sico.<\/p>\n\n\n\n<p><br>Bien, sin m\u00e1s dilaciones finalizamos la introducci\u00f3n de este art\u00edculo, donde queremos avisar del peligro que conlleva una instalaci\u00f3n de una macroplanta solar de tal magnitud en nuestro territorio. Sabemos que nuestras paisanas y nuestros paisanos escuchar\u00e1n cantos de sirena por parte de la multinacional Edp Renewables Europe S.L.; un discurso elaborado con palabras agradables y convincentes, donde en realidad se oculta el enga\u00f1o para llevar a cabo sus intereses.<\/p>\n\n\n\n<p>El uso de la naturaleza con fines econ\u00f3micos no es nuevo, pero esta reciente visi\u00f3n del capitalismo verde da un paso m\u00e1s all\u00e1, transformando la naturaleza misma en una fuente de rentabilidad, privatizando y mercantilizando el medio, buscando \u00fanicamente un beneficio a muy corto plazo sin pensar en el impacto sobre la poblaci\u00f3n.<\/p>\n\n\n<div class=\"wp-block-image\">\n<figure class=\"alignleft size-full\"><img loading=\"lazy\" width=\"324\" height=\"292\" src=\"https:\/\/diariodevurgos.com\/dvwps\/wp-content\/uploads\/2024\/06\/dv19.jpeg\" alt=\"\" class=\"wp-image-25057\" srcset=\"https:\/\/diariodevurgos.com\/dvwps\/wp-content\/uploads\/2024\/06\/dv19.jpeg 324w, https:\/\/diariodevurgos.com\/dvwps\/wp-content\/uploads\/2024\/06\/dv19-300x270.jpeg 300w\" sizes=\"(max-width: 324px) 100vw, 324px\" \/><\/figure><\/div>\n\n\n<p><br>La multinacional Edp Renewables Europe S.L. tiene previsto instalar una macroplanta fotovoltaica en la localidad de Torrelara, la cual ocupar\u00eda una superficie total de 102 ha. y un vallado perimetral de 5.73Km. De llevarse a cabo, este proyecto se desencadenar\u00edan algunas consecuencias graves en el pueblo y su entorno, que a continuaci\u00f3n se detallan con claridad y poniendo las cartas sobre la mesa:<\/p>\n\n\n\n<p><br>La instalaci\u00f3n de esta macroplanta fotovoltaica traer\u00eda consigo la desaparici\u00f3n de un gran porcentaje del suelo de alto valor agr\u00edcola, dado que la superficie de tierra que se necesita es de 102 ha., disminuyendo la superficie utilizada por la agricultura, lo cual, constituye un problema importante para el sector agr\u00edcola de este pueblo.<\/p>\n\n\n<div class=\"wp-block-image\">\n<figure class=\"aligncenter size-full\"><img loading=\"lazy\" width=\"706\" height=\"518\" src=\"https:\/\/diariodevurgos.com\/dvwps\/wp-content\/uploads\/2024\/06\/dv24.jpeg\" alt=\"\" class=\"wp-image-25067\" srcset=\"https:\/\/diariodevurgos.com\/dvwps\/wp-content\/uploads\/2024\/06\/dv24.jpeg 706w, https:\/\/diariodevurgos.com\/dvwps\/wp-content\/uploads\/2024\/06\/dv24-300x220.jpeg 300w, https:\/\/diariodevurgos.com\/dvwps\/wp-content\/uploads\/2024\/06\/dv24-370x271.jpeg 370w\" sizes=\"(max-width: 706px) 100vw, 706px\" \/><\/figure><\/div>\n\n\n<p>Tambi\u00e9n la biodiversidad de los municipios se ver\u00e1 afectada, puesto que se plantea un vallado perimetral de sus instalaciones con 5.73Km., implicando una fragmentaci\u00f3n del h\u00e1bitat de las especies y un impacto negativo en la supervivencia de especies.<\/p>\n\n\n\n<p><\/p>\n\n\n<div class=\"wp-block-image\">\n<figure class=\"aligncenter size-full\"><img loading=\"lazy\" width=\"614\" height=\"461\" src=\"https:\/\/diariodevurgos.com\/dvwps\/wp-content\/uploads\/2024\/06\/dv20-3.jpeg\" alt=\"\" class=\"wp-image-25068\" srcset=\"https:\/\/diariodevurgos.com\/dvwps\/wp-content\/uploads\/2024\/06\/dv20-3.jpeg 614w, https:\/\/diariodevurgos.com\/dvwps\/wp-content\/uploads\/2024\/06\/dv20-3-300x225.jpeg 300w, https:\/\/diariodevurgos.com\/dvwps\/wp-content\/uploads\/2024\/06\/dv20-3-400x300.jpeg 400w, https:\/\/diariodevurgos.com\/dvwps\/wp-content\/uploads\/2024\/06\/dv20-3-370x278.jpeg 370w\" sizes=\"(max-width: 614px) 100vw, 614px\" \/><\/figure><\/div>\n\n\n<p>Adem\u00e1s, una instalaci\u00f3n de esta magnitud crear\u00e1 una isla de calor, que incrementar\u00e1 la temperatura de manera significativa en los entornos pr\u00f3ximos a ella, como pueden ser las parcelas colindantes. Ello supondr\u00e1 un aumento de la temperatura de 5 a 10\u00b0C por la presencia de placas de color negro y ausencia de vegetaci\u00f3n en ella.<\/p>\n\n\n<div class=\"wp-block-image\">\n<figure class=\"aligncenter size-full\"><img loading=\"lazy\" width=\"480\" height=\"270\" src=\"https:\/\/diariodevurgos.com\/dvwps\/wp-content\/uploads\/2024\/06\/dv21.jpeg\" alt=\"\" class=\"wp-image-25060\" srcset=\"https:\/\/diariodevurgos.com\/dvwps\/wp-content\/uploads\/2024\/06\/dv21.jpeg 480w, https:\/\/diariodevurgos.com\/dvwps\/wp-content\/uploads\/2024\/06\/dv21-300x169.jpeg 300w, https:\/\/diariodevurgos.com\/dvwps\/wp-content\/uploads\/2024\/06\/dv21-370x208.jpeg 370w\" sizes=\"(max-width: 480px) 100vw, 480px\" \/><\/figure><\/div>\n\n\n<p>En cuanto al entorno ambiental, el terreno en el que se instalen los m\u00f3dulos fotovoltaicos no podr\u00e1 ser recuperado de nuevo para usos agr\u00edcolas; los cambios que se producir\u00e1n en las propiedades del suelo (falta de biodiversidad, nutrientes y altas temperaturas) los convertir\u00e1n en suelos inertes.<\/p>\n\n\n\n<p><br>Teniendo en cuenta todos los impactos descritos anteriormente, creemos que una transici\u00f3n energ\u00e9tica debe plantearse a partir de las necesidades presentes y futuras de nuestros pueblos. No las impuestas por grandes fondos de inversi\u00f3n, empresas multinacionales o subvenciones para el desarrollo.<\/p>\n\n\n\n<p> Con los a\u00f1os que llevamos trabajando la tierra, tenemos claro que ser ecol\u00f3gico es lo contrario de ser acumulador y codicioso y sabemos organizarnos, ya que gente mayor del lugar a\u00fan recuerdan los espacios gestionados de forma comunal y colectiva, aquellos que configuraban la identidad participativa del pueblo, los logros de la acci\u00f3n vecinal, la sabidur\u00eda popular y la cultura rural.<\/p>\n\n\n<div class=\"wp-block-image\">\n<figure class=\"alignleft size-full\"><img loading=\"lazy\" width=\"337\" height=\"176\" src=\"https:\/\/diariodevurgos.com\/dvwps\/wp-content\/uploads\/2024\/06\/dv22.jpeg\" alt=\"\" class=\"wp-image-25062\" srcset=\"https:\/\/diariodevurgos.com\/dvwps\/wp-content\/uploads\/2024\/06\/dv22.jpeg 337w, https:\/\/diariodevurgos.com\/dvwps\/wp-content\/uploads\/2024\/06\/dv22-300x157.jpeg 300w\" sizes=\"(max-width: 337px) 100vw, 337px\" \/><\/figure><\/div>\n\n\n<p>El proceso de implantaci\u00f3n de esta macroplanta s\u00f3lo responde a los intereses de una multinacional y a sus fondos de inversi\u00f3n que buscan aprovechar los fondos p\u00fablicos para seguir acaparando, acumulando y especulando con un bien tan preciado y finito como es la tierra -nuestra tierra-. <\/p>\n\n\n\n<p><\/p>\n\n\n\n<p>Esta es una agresi\u00f3n a nuestro territorio, a unas tierras que cultivaron nuestros antepasados con tanto trabajo y dignidad. No dejaremos que sea destrozado en pro de una transici\u00f3n energ\u00e9tica que no lo es. Sabemos que la falta de superficie agr\u00edcola junto con la baja rentabilidad de muchos cultivos va a poner en una dif\u00edcil situaci\u00f3n al sector agrario del pueblo, que va verse abocado a la emigraci\u00f3n y a la consecuente despoblaci\u00f3n.<\/p>\n\n\n\n<p><br>No solo est\u00e1 amenazada la econom\u00eda del municipio, sino tambi\u00e9n la biodiversidad, el paisaje y el valioso patrimonio hist\u00f3rico y natural que, en conjunto, conforman la identidad colectiva de \u00e9ste.<br><\/p>\n\n\n\n<p>Por todo ello, debemos propiciar una cultura de la autogesti\u00f3n, encontrar otra manera de relacionarlos con la naturaleza y entre nosotros, una no cuantificable, a la larga, que podr\u00eda dotarnos de las herramientas necesarias para luchar contra el sistema que nos coloca en un mercado como sujetos consumidores y consumibles, que envenena todo lo que toca y nos conduce a la destrucci\u00f3n.<\/p>\n\n\n\n<p><\/p>\n","protected":false},"excerpt":{"rendered":"<p>A continuaci\u00f3n, se presenta una reflexi\u00f3n sobre el proyecto de una macro planta solar que la multinacional Edp Renewables Europe S.L. pretende acometer en las tierras del pueblo de Torrelara.<\/p>\n","protected":false},"author":69,"featured_media":25072,"comment_status":"open","ping_status":"closed","sticky":false,"template":"","format":"standard","meta":[],"categories":[52,61,2,90],"tags":[],"_links":{"self":[{"href":"https:\/\/diariodevurgos.com\/dvwps\/wp-json\/wp\/v2\/posts\/25053"}],"collection":[{"href":"https:\/\/diariodevurgos.com\/dvwps\/wp-json\/wp\/v2\/posts"}],"about":[{"href":"https:\/\/diariodevurgos.com\/dvwps\/wp-json\/wp\/v2\/types\/post"}],"author":[{"embeddable":true,"href":"https:\/\/diariodevurgos.com\/dvwps\/wp-json\/wp\/v2\/users\/69"}],"replies":[{"embeddable":true,"href":"https:\/\/diariodevurgos.com\/dvwps\/wp-json\/wp\/v2\/comments?post=25053"}],"version-history":[{"count":5,"href":"https:\/\/diariodevurgos.com\/dvwps\/wp-json\/wp\/v2\/posts\/25053\/revisions"}],"predecessor-version":[{"id":25071,"href":"https:\/\/diariodevurgos.com\/dvwps\/wp-json\/wp\/v2\/posts\/25053\/revisions\/25071"}],"wp:featuredmedia":[{"embeddable":true,"href":"https:\/\/diariodevurgos.com\/dvwps\/wp-json\/wp\/v2\/media\/25072"}],"wp:attachment":[{"href":"https:\/\/diariodevurgos.com\/dvwps\/wp-json\/wp\/v2\/media?parent=25053"}],"wp:term":[{"taxonomy":"category","embeddable":true,"href":"https:\/\/diariodevurgos.com\/dvwps\/wp-json\/wp\/v2\/categories?post=25053"},{"taxonomy":"post_tag","embeddable":true,"href":"https:\/\/diariodevurgos.com\/dvwps\/wp-json\/wp\/v2\/tags?post=25053"}],"curies":[{"name":"wp","href":"https:\/\/api.w.org\/{rel}","templated":true}]}}