{"id":25090,"date":"2024-06-24T08:03:00","date_gmt":"2024-06-24T06:03:00","guid":{"rendered":"https:\/\/diariodevurgos.com\/dvwps\/?p=25090"},"modified":"2024-06-24T08:03:02","modified_gmt":"2024-06-24T06:03:02","slug":"charla-presentacion-plataforma-antirrepresiva-defendemos-palestina","status":"publish","type":"post","link":"https:\/\/diariodevurgos.com\/dvwps\/charla-presentacion-plataforma-antirrepresiva-defendemos-palestina.php","title":{"rendered":"Charla presentaci\u00f3n plataforma antirrepresiva \u201cDefendemos Palestina\u201d"},"content":{"rendered":"<p class=\"lead\">El<strong> martes 25 de junio<\/strong> <strong>Espacio Tangente<\/strong> acoger\u00e1 la presentaci\u00f3n de la plataforma antirrepresiva \u201cDefendemos Palestina\u201d a partir de las <strong>19:30 horas<\/strong>. Se trata de una iniciativa impulsada por el colectivo <strong><em>Burgos por la libertad<\/em><\/strong> en la que se incluye tambi\u00e9n la proyecci\u00f3n de la pel\u00edcula-documental <em>Hijas de la Nabka\u00a0 <\/em>de <strong>Estela Falastin<\/strong> en la que la entrada es libre y gratuita hasta completar el aforo.<\/p>\n<p style=\"text-align: center;\"><img loading=\"lazy\" class=\"aligncenter wp-image-25091 \" src=\"http:\/\/diariodevurgos.com\/dvwps\/wp-content\/uploads\/2024\/06\/Palestina-1024x1024.jpeg\" alt=\"\" width=\"539\" height=\"539\" srcset=\"https:\/\/diariodevurgos.com\/dvwps\/wp-content\/uploads\/2024\/06\/Palestina-1024x1024.jpeg 1024w, https:\/\/diariodevurgos.com\/dvwps\/wp-content\/uploads\/2024\/06\/Palestina-300x300.jpeg 300w, https:\/\/diariodevurgos.com\/dvwps\/wp-content\/uploads\/2024\/06\/Palestina-150x150.jpeg 150w, https:\/\/diariodevurgos.com\/dvwps\/wp-content\/uploads\/2024\/06\/Palestina-768x768.jpeg 768w, https:\/\/diariodevurgos.com\/dvwps\/wp-content\/uploads\/2024\/06\/Palestina-1536x1536.jpeg 1536w, https:\/\/diariodevurgos.com\/dvwps\/wp-content\/uploads\/2024\/06\/Palestina-370x370.jpeg 370w, https:\/\/diariodevurgos.com\/dvwps\/wp-content\/uploads\/2024\/06\/Palestina-125x125.jpeg 125w, https:\/\/diariodevurgos.com\/dvwps\/wp-content\/uploads\/2024\/06\/Palestina.jpeg 1600w\" sizes=\"(max-width: 539px) 100vw, 539px\" \/><\/p>\n","protected":false},"excerpt":{"rendered":"<p>El martes 25 de junio Espacio Tangente acoger\u00e1 la presentaci\u00f3n de la plataforma antirrepresiva \u201cDefendemos Palestina\u201d a partir de las 19:30 horas. Se trata de una iniciativa impulsada por el colectivo Burgos por la libertad en la que se incluye tambi\u00e9n la proyecci\u00f3n de la pel\u00edcula-documental Hijas de la Nabka\u00a0 de Estela Falastin en la&#8230;  <a href=\"https:\/\/diariodevurgos.com\/dvwps\/charla-presentacion-plataforma-antirrepresiva-defendemos-palestina.php\" class=\"more-link\" title=\"Read Charla presentaci\u00f3n plataforma antirrepresiva \u201cDefendemos Palestina\u201d\">Read more &raquo;<\/a><\/p>\n","protected":false},"author":2,"featured_media":25091,"comment_status":"open","ping_status":"closed","sticky":false,"template":"","format":"standard","meta":[],"categories":[2,14,24,49,17],"tags":[],"_links":{"self":[{"href":"https:\/\/diariodevurgos.com\/dvwps\/wp-json\/wp\/v2\/posts\/25090"}],"collection":[{"href":"https:\/\/diariodevurgos.com\/dvwps\/wp-json\/wp\/v2\/posts"}],"about":[{"href":"https:\/\/diariodevurgos.com\/dvwps\/wp-json\/wp\/v2\/types\/post"}],"author":[{"embeddable":true,"href":"https:\/\/diariodevurgos.com\/dvwps\/wp-json\/wp\/v2\/users\/2"}],"replies":[{"embeddable":true,"href":"https:\/\/diariodevurgos.com\/dvwps\/wp-json\/wp\/v2\/comments?post=25090"}],"version-history":[{"count":2,"href":"https:\/\/diariodevurgos.com\/dvwps\/wp-json\/wp\/v2\/posts\/25090\/revisions"}],"predecessor-version":[{"id":25093,"href":"https:\/\/diariodevurgos.com\/dvwps\/wp-json\/wp\/v2\/posts\/25090\/revisions\/25093"}],"wp:featuredmedia":[{"embeddable":true,"href":"https:\/\/diariodevurgos.com\/dvwps\/wp-json\/wp\/v2\/media\/25091"}],"wp:attachment":[{"href":"https:\/\/diariodevurgos.com\/dvwps\/wp-json\/wp\/v2\/media?parent=25090"}],"wp:term":[{"taxonomy":"category","embeddable":true,"href":"https:\/\/diariodevurgos.com\/dvwps\/wp-json\/wp\/v2\/categories?post=25090"},{"taxonomy":"post_tag","embeddable":true,"href":"https:\/\/diariodevurgos.com\/dvwps\/wp-json\/wp\/v2\/tags?post=25090"}],"curies":[{"name":"wp","href":"https:\/\/api.w.org\/{rel}","templated":true}]}}