{"id":25107,"date":"2024-07-02T17:19:01","date_gmt":"2024-07-02T15:19:01","guid":{"rendered":"https:\/\/diariodevurgos.com\/dvwps\/?p=25107"},"modified":"2024-07-03T09:40:55","modified_gmt":"2024-07-03T07:40:55","slug":"por-la-libertad-de-las-6-de-la-suiza","status":"publish","type":"post","link":"https:\/\/diariodevurgos.com\/dvwps\/por-la-libertad-de-las-6-de-la-suiza.php","title":{"rendered":"Concentraci\u00f3n en Burgos por la libertad de las 6 de La Suiza"},"content":{"rendered":"<p class=\"lead\">Ante la sentencia condenatoria a los 6 anarcosindicalistas procesados en el denominado caso La Suiza de Gij\u00f3n, <strong>CNT de Burgos<\/strong> organiza una c<strong>oncentraci\u00f3n solidaria<\/strong> para el <strong>s\u00e1bado 6 de julio<\/strong> a las <strong>13:00 horas<\/strong> frente a la sede del <strong>Tribunal Superior de Justicia de Castilla y Le\u00f3n<\/strong>.<\/p>\n<p style=\"text-align: center;\"><img loading=\"lazy\" class=\"aligncenter wp-image-25108 \" src=\"http:\/\/diariodevurgos.com\/dvwps\/wp-content\/uploads\/2024\/07\/WhatsApp-Image-2024-07-02-at-16.58.17-767x1024.jpeg\" alt=\"\" width=\"530\" height=\"707\" srcset=\"https:\/\/diariodevurgos.com\/dvwps\/wp-content\/uploads\/2024\/07\/WhatsApp-Image-2024-07-02-at-16.58.17-767x1024.jpeg 767w, https:\/\/diariodevurgos.com\/dvwps\/wp-content\/uploads\/2024\/07\/WhatsApp-Image-2024-07-02-at-16.58.17-225x300.jpeg 225w, https:\/\/diariodevurgos.com\/dvwps\/wp-content\/uploads\/2024\/07\/WhatsApp-Image-2024-07-02-at-16.58.17-768x1025.jpeg 768w, https:\/\/diariodevurgos.com\/dvwps\/wp-content\/uploads\/2024\/07\/WhatsApp-Image-2024-07-02-at-16.58.17-1151x1536.jpeg 1151w, https:\/\/diariodevurgos.com\/dvwps\/wp-content\/uploads\/2024\/07\/WhatsApp-Image-2024-07-02-at-16.58.17-370x494.jpeg 370w, https:\/\/diariodevurgos.com\/dvwps\/wp-content\/uploads\/2024\/07\/WhatsApp-Image-2024-07-02-at-16.58.17.jpeg 1184w\" sizes=\"(max-width: 530px) 100vw, 530px\" \/><\/p>\n","protected":false},"excerpt":{"rendered":"<p>Ante la sentencia condenatoria a los 6 anarcosindicalistas procesados en el denominado caso La Suiza de Gij\u00f3n, CNT de Burgos organiza una concentraci\u00f3n solidaria para el s\u00e1bado 6 de julio a las 13:00 horas frente a la sede del Tribunal Superior de Justicia de Castilla y Le\u00f3n.<\/p>\n","protected":false},"author":1,"featured_media":25108,"comment_status":"open","ping_status":"closed","sticky":false,"template":"","format":"standard","meta":[],"categories":[112,3,14,17],"tags":[],"_links":{"self":[{"href":"https:\/\/diariodevurgos.com\/dvwps\/wp-json\/wp\/v2\/posts\/25107"}],"collection":[{"href":"https:\/\/diariodevurgos.com\/dvwps\/wp-json\/wp\/v2\/posts"}],"about":[{"href":"https:\/\/diariodevurgos.com\/dvwps\/wp-json\/wp\/v2\/types\/post"}],"author":[{"embeddable":true,"href":"https:\/\/diariodevurgos.com\/dvwps\/wp-json\/wp\/v2\/users\/1"}],"replies":[{"embeddable":true,"href":"https:\/\/diariodevurgos.com\/dvwps\/wp-json\/wp\/v2\/comments?post=25107"}],"version-history":[{"count":2,"href":"https:\/\/diariodevurgos.com\/dvwps\/wp-json\/wp\/v2\/posts\/25107\/revisions"}],"predecessor-version":[{"id":25113,"href":"https:\/\/diariodevurgos.com\/dvwps\/wp-json\/wp\/v2\/posts\/25107\/revisions\/25113"}],"wp:featuredmedia":[{"embeddable":true,"href":"https:\/\/diariodevurgos.com\/dvwps\/wp-json\/wp\/v2\/media\/25108"}],"wp:attachment":[{"href":"https:\/\/diariodevurgos.com\/dvwps\/wp-json\/wp\/v2\/media?parent=25107"}],"wp:term":[{"taxonomy":"category","embeddable":true,"href":"https:\/\/diariodevurgos.com\/dvwps\/wp-json\/wp\/v2\/categories?post=25107"},{"taxonomy":"post_tag","embeddable":true,"href":"https:\/\/diariodevurgos.com\/dvwps\/wp-json\/wp\/v2\/tags?post=25107"}],"curies":[{"name":"wp","href":"https:\/\/api.w.org\/{rel}","templated":true}]}}