{"id":25116,"date":"2024-07-03T09:56:43","date_gmt":"2024-07-03T07:56:43","guid":{"rendered":"https:\/\/diariodevurgos.com\/dvwps\/?p=25116"},"modified":"2024-07-03T09:56:44","modified_gmt":"2024-07-03T07:56:44","slug":"el-tribunal-superior-de-justicia-condena-a-prision-a-los-seis-sindicalistas-de-la-suiza","status":"publish","type":"post","link":"https:\/\/diariodevurgos.com\/dvwps\/el-tribunal-superior-de-justicia-condena-a-prision-a-los-seis-sindicalistas-de-la-suiza.php","title":{"rendered":"El Tribunal Superior de Justicia condena a prisi\u00f3n a los seis sindicalistas de La Suiza"},"content":{"rendered":"<p class=\"lead\">Una sentencia del Tribunal Supremo conocida el pasado lunes 24 de junio, aunque fechada el martes 19 del mismo mes, abre una peligrosa puerta a que el sindicalismo sea perseguido en todo el Estado espa\u00f1ol.<!--more--><\/p>\n<p>La CNT va a recurrir en todas las instancias posibles, a nivel espa\u00f1ol y europeo, para que se haga justicia con este caso que supone un ataque terrible al trabajo sindical.\u00bb Somos inc\u00f3modos para el sistema. Nuestro \u00e1mbito es la calle y lo que no podemos hacer es renunciar a ella. Forma parte de nuestro ADN y es lo que vamos a seguir haciendo. Las compa\u00f1eras no van a estar solas en ning\u00fan momento, y aunque creemos que esta sentencia es un bombazo al sindicalismo, seguiremos estando del lado de las trabajadoras\u00bb, ha dicho Erika Conrado, secretaria general de CNT, al conocerse la sentencia.<\/p>\n<p style=\"text-align: center;\"><img loading=\"lazy\" class=\"aligncenter wp-image-25117 size-large\" src=\"http:\/\/diariodevurgos.com\/dvwps\/wp-content\/uploads\/2024\/07\/Logo-la-suiza-1024x564.jpg\" alt=\"\" width=\"580\" height=\"319\" srcset=\"https:\/\/diariodevurgos.com\/dvwps\/wp-content\/uploads\/2024\/07\/Logo-la-suiza-1024x564.jpg 1024w, https:\/\/diariodevurgos.com\/dvwps\/wp-content\/uploads\/2024\/07\/Logo-la-suiza-300x165.jpg 300w, https:\/\/diariodevurgos.com\/dvwps\/wp-content\/uploads\/2024\/07\/Logo-la-suiza-768x423.jpg 768w, https:\/\/diariodevurgos.com\/dvwps\/wp-content\/uploads\/2024\/07\/Logo-la-suiza-1536x846.jpg 1536w, https:\/\/diariodevurgos.com\/dvwps\/wp-content\/uploads\/2024\/07\/Logo-la-suiza-370x204.jpg 370w, https:\/\/diariodevurgos.com\/dvwps\/wp-content\/uploads\/2024\/07\/Logo-la-suiza.jpg 2000w\" sizes=\"(max-width: 580px) 100vw, 580px\" \/><\/p>\n<p>Los magistrados de la Sala Segunda del Alto Tribunal, presidida por Manuel Marchena, han rechazado el recurso de casaci\u00f3n que interpuso el sindicato CNT por las 6 de La Suiza, sobre las que ratifica las penas de c\u00e1rcel de tres a\u00f1os y medio y a una indemnizaci\u00f3n de125.428 euros al empresario.<\/p>\n<p>La sentencia 626\/2024 del Supremo rechaza en 57 p\u00e1ginas los recursos interpuestos y ratifica las condenas a las seis compa\u00f1eras por un delito de coacciones graves y otro contra la administraci\u00f3n de justicia. Los hechos probados hablan de concentraciones que se sucedieron entre mayo y septiembre de 2017 frente a la pasteler\u00eda en cuesti\u00f3n. Concentraciones, por otro lado, comunicadas a las instituciones pertinentes y que son parte consustancial de las campa\u00f1as que cualquier organizaci\u00f3n sindical ejerce.<\/p>\n<p>La historia del conflicto entre CNT Xix\u00f3n y La Suiza arranca en 2017 cuando una persona, entonces empleada de esta pasteler\u00eda, acude al sindicato a exponer su caso: la empresa le debe horas extras y vacaciones. El sindicato intenta negociar con el empresario, pero ante su cerraz\u00f3n el sindicato inicia su habitual campa\u00f1a de denuncia. El propietario de La Suiza comienza entonces a interponer denuncias y en junio de 2021 el controvertido juez Lino Rubio Mayo condena a cinco mujeres y a un hombre a tres a\u00f1os y medio de c\u00e1rcel y a pagar una indemnizaci\u00f3n de m\u00e1s de 150.000 euros.<\/p>\n<p>Manifestarse en la calle, repartir octavillas y compartir soflamas con un meg\u00e1fono, hechos que se pueden circunscribir al desarrollo de una normal y habitual acci\u00f3n sindical, acaban siendo reprimidas por el Juzgado de lo Penal xixon\u00e9s con el argumento de que la pasteler\u00eda acab\u00f3 cerrando por la inferencia de estas protestas, algo que primero la Audiencia Provincial y ahora el Tribunal Supremo avalan.<\/p>\n<p>La sentencia del Supremo conocida hoy, que no se detiene sin embargo a valorar la pena de banquillo y el calvario procesal al que han estado sometidas durante siete a\u00f1os estas compa\u00f1eras y que ahora contin\u00faa de la peor de las maneras. Esto es grave por un sencillo motivo: desde ahora, cualquier persona que se manifieste contra una empresa puede encontrarse en la misma situaci\u00f3n. Hacer sindicalismo no es delito, aunque la sentencia hecha p\u00fablica por el Tribunal Supremo hoy lo ponga en duda. Desde que comenz\u00f3 el conflicto, todos los sindicatos de CNT as\u00ed como otras organizaciones amigas se han volcado en una campa\u00f1a de solidaridad con las 6 de La Suiza. Esa solidaridad no termina ah\u00ed, de igual manera que este proceso tampoco ha concluido hoy. En 2022, cuando todav\u00eda quedaba esperar que el Supremo admitiera a tr\u00e1mite el recurso, una multitudinaria manifestaci\u00f3n de sindicatos de la CNT y organizaciones amigas desfilaron por el centro de Madrid recordando que hacer sindicalismo no es delito. La estampa se repiti\u00f3 a mediados de junio en otra manifestaci\u00f3n en Xix\u00f3n, a la que acudieron sindicatos de CNT de todo el territorio. El pasado martes 19 de junio, d\u00eda en el que se comenz\u00f3 a valorar el recurso \u2014y se dict\u00f3 sentencia\u2014, un centenar de compa\u00f1eras de los sindicatos de CNT en la Comunidad de Madrid se manifestaron a las puertas del Supremo para volver a hacer llegar el mensaje. Hacer sindicalismo no es delito.<\/p>\n<p>La voz de <strong>las 6 de La Suiza y de la CNT no se apaga hoy<\/strong>. Lo repetimos una vez m\u00e1s: hacer sindicalismo no es delito. Y ahora: todas a las calles.<\/p>\n<p>Fuente: <a href=\"https:\/\/alasbarricadas.org\/noticias\/node\/54904\">alasbarricadas.org<\/a><\/p>\n","protected":false},"excerpt":{"rendered":"<p>Una sentencia del Tribunal Supremo conocida el pasado lunes 24 de junio, aunque fechada el martes 19 del mismo mes, abre una peligrosa puerta a que el sindicalismo sea perseguido en todo el Estado espa\u00f1ol.<\/p>\n","protected":false},"author":2,"featured_media":25117,"comment_status":"open","ping_status":"closed","sticky":false,"template":"","format":"standard","meta":[],"categories":[2,49,17,7],"tags":[],"_links":{"self":[{"href":"https:\/\/diariodevurgos.com\/dvwps\/wp-json\/wp\/v2\/posts\/25116"}],"collection":[{"href":"https:\/\/diariodevurgos.com\/dvwps\/wp-json\/wp\/v2\/posts"}],"about":[{"href":"https:\/\/diariodevurgos.com\/dvwps\/wp-json\/wp\/v2\/types\/post"}],"author":[{"embeddable":true,"href":"https:\/\/diariodevurgos.com\/dvwps\/wp-json\/wp\/v2\/users\/2"}],"replies":[{"embeddable":true,"href":"https:\/\/diariodevurgos.com\/dvwps\/wp-json\/wp\/v2\/comments?post=25116"}],"version-history":[{"count":1,"href":"https:\/\/diariodevurgos.com\/dvwps\/wp-json\/wp\/v2\/posts\/25116\/revisions"}],"predecessor-version":[{"id":25118,"href":"https:\/\/diariodevurgos.com\/dvwps\/wp-json\/wp\/v2\/posts\/25116\/revisions\/25118"}],"wp:featuredmedia":[{"embeddable":true,"href":"https:\/\/diariodevurgos.com\/dvwps\/wp-json\/wp\/v2\/media\/25117"}],"wp:attachment":[{"href":"https:\/\/diariodevurgos.com\/dvwps\/wp-json\/wp\/v2\/media?parent=25116"}],"wp:term":[{"taxonomy":"category","embeddable":true,"href":"https:\/\/diariodevurgos.com\/dvwps\/wp-json\/wp\/v2\/categories?post=25116"},{"taxonomy":"post_tag","embeddable":true,"href":"https:\/\/diariodevurgos.com\/dvwps\/wp-json\/wp\/v2\/tags?post=25116"}],"curies":[{"name":"wp","href":"https:\/\/api.w.org\/{rel}","templated":true}]}}