{"id":25133,"date":"2024-08-01T16:34:03","date_gmt":"2024-08-01T14:34:03","guid":{"rendered":"https:\/\/diariodevurgos.com\/dvwps\/?p=25133"},"modified":"2024-08-02T07:30:28","modified_gmt":"2024-08-02T05:30:28","slug":"y-si-la-ultraderecha-existe-gracias-a-la-izquierda-del-capital","status":"publish","type":"post","link":"https:\/\/diariodevurgos.com\/dvwps\/y-si-la-ultraderecha-existe-gracias-a-la-izquierda-del-capital.php","title":{"rendered":"\u00bfY si la ultraderecha existe gracias a la izquierda del capital?"},"content":{"rendered":"\n<p class=\"lead\">Puede que todo el auge de la ultraderecha no hubiese sido posible sin la inestimable ayuda del arco socialdemocrata que hoy puebla el parlamento liberal espa\u00f1ol, desde lo m\u00e1s rancio del PSOE a lo m\u00e1s \u201crevolucionario\u201d de Podemos o el PCE.<\/p>\n\n\n\n<!--more-->\n\n\n<div class=\"wp-block-image\">\n<figure class=\"aligncenter size-full is-resized\"><img loading=\"lazy\" src=\"http:\/\/diariodevurgos.com\/dvwps\/wp-content\/uploads\/2024\/08\/fascist.jpg\" alt=\"\" class=\"wp-image-25135\" width=\"469\" height=\"379\" srcset=\"https:\/\/diariodevurgos.com\/dvwps\/wp-content\/uploads\/2024\/08\/fascist.jpg 364w, https:\/\/diariodevurgos.com\/dvwps\/wp-content\/uploads\/2024\/08\/fascist-300x242.jpg 300w\" sizes=\"(max-width: 469px) 100vw, 469px\" \/><\/figure><\/div>\n\n\n<blockquote class=\"wp-block-quote\"><p>\u2026 La burgues\u00eda reconoce que para no desaparecer como clase no puede permitir que el parlamento sea de verdad un parlamento. Es decir el parlamento bajo condiciones capitalistas es que no es un parlamento y que si el parlamento tiene que ser un parlamento lo que hace falta es superar el capitalismo \u2026<\/p><\/blockquote>\n\n\n\n<p>Esto lo comentan Carlos Fern\u00e1ndez Liria, uno de los ide\u00f3logos de Podemos, y Clara Ramas, exdiputada por M\u00e1s Madrid, en una interesante conversaci\u00f3n entre dos destacados marxistas publicada en el canal del propio Carlos Liria. Pero, lo cierto, es que no necesitamos ver <a href=\"https:\/\/www.youtube.com\/watch?v=ZcNr2plwQPw\">el v\u00eddeo<\/a>. Tampoco leer e interpretar sesudamente los plumberos textos de Marx o leer a Foucault, aunque este lo explic\u00f3 mucho m\u00e1s clarito. Simplemente vale con echar la vista atr\u00e1s y revisar la historia para darse cuenta que la izquierda en el parlamento liberal es mucho m\u00e1s \u00fatil para el capitalismo que para el socialismo. Es una trampa sea cual sea la visi\u00f3n de socialismo que tengas.<\/p>\n\n\n\n<p>Al menos desde el 15M a nuestros d\u00edas todas las luchas han sido recuperadas, adaptadas a las instituciones y delicadamente incorporadas a la normalidad social con el benepl\u00e1cito del poder olig\u00e1rquico. Deber\u00edamos empezar a reflexionar si votar a la izquierda es parar a la ultraderecha o por el contrario darla m\u00e1s fuerza. La izquierda parlamentaria sabe bien como domesticar las luchas y ponerlas a los pies del capital. El 15M nos trajo una clara desconfianza en los partidos pol\u00edticos y por consiguiente , aunque cost\u00f3, la lucha se recuper\u00f3. Se crearon nuevos partidos y se incorporaron al parlamento, un parlamento m\u00e1s complejo pero igual de \u00fatil que antes para los que de verdad mandan. Las luchas de la vivienda no impulsaron reformas de acceso para que todas pudi\u00e9semos tener una casa. Hoy la socialdemocracia defiende a capa y espada a los rentistas de este pa\u00eds y el Ministerio de Vivienda ha salido de 1984, en realidad deber\u00eda llamarse Ministerio de la Especulaci\u00f3n Inmobiliaria. La cuarta hola feminista ha sido integrada en las instituciones y la gram\u00e1tica feminista asumida con normalidad pero siguen ah\u00ed las diferencias y continua el patriarcado, eso s\u00ed, tenemos un Ministerio de Igualdad, otra s\u00e1tira de la estrategia electoral. El colectivo LGBTQIA+ es usado para lavar la cara de empresas e instituciones y su bandera ondea en muchos sitios pero mientras se sigue discriminado y persiguiendo a este colectivo. Junto al \u201c<em><a href=\"https:\/\/es.wikipedia.org\/wiki\/Pinkwashing\">Rainbow Washing<\/a><\/em>\u201d hay tambi\u00e9n un \u201c<em>Green Washing<\/em>\u201d, todo es verde y todo es ecol\u00f3gico pero contaminamos m\u00e1s que nunca.<\/p>\n\n\n\n<p>Todas las luchas han acabado con una victoria moral, pero no material. Hay razones pero apenas acciones. Durante los \u00faltimos a\u00f1os todas las luchas han acabado recuperadas por el capital con la inestimable ayuda de la socialdemocracia. Tras este panorama \u00bfqu\u00e9 es lo verdaderamente revolucionario?. La derecha tiene una respuesta que convence. Ha transformado todas las luchas recuperadas para que parezcan parte del sistema y hoy para muchos de sus votantes lo reaccionario es lo revolucionario. El ecologismo es una estafa y el calentamiento global una milonga. El feminismo es una tiran\u00eda. El colectivo LGBTQIA+ est\u00e1 enfermo. Han conseguido que mucha gente acepte la teor\u00eda conspirativa del <a href=\"https:\/\/es.wikipedia.org\/wiki\/Marxismo_cultural\">marxismo cultural<\/a> como cierta. El nuevo fascismo es la izquierda y las feministas son \u201cfeminazis\u201d que legislan desde de las instituciones. La tolerancia a otras culturas es el avance del peligro islamista. Este discurso es tan bien acogido que ha llegado incluso a traspasar a la izquierda. Al aquelarre lo han llamado rojipardismo y sus mensajes se confunden con los de la ultraderecha de forma incuestionable:<\/p>\n\n\n\n<figure class=\"wp-block-image size-large\"><img loading=\"lazy\" width=\"1024\" height=\"643\" src=\"https:\/\/diariodevurgos.com\/dvwps\/wp-content\/uploads\/2024\/08\/fascist2-1024x643.jpg\" alt=\"\" class=\"wp-image-25134\" srcset=\"https:\/\/diariodevurgos.com\/dvwps\/wp-content\/uploads\/2024\/08\/fascist2-1024x643.jpg 1024w, https:\/\/diariodevurgos.com\/dvwps\/wp-content\/uploads\/2024\/08\/fascist2-300x188.jpg 300w, https:\/\/diariodevurgos.com\/dvwps\/wp-content\/uploads\/2024\/08\/fascist2-768x482.jpg 768w, https:\/\/diariodevurgos.com\/dvwps\/wp-content\/uploads\/2024\/08\/fascist2-1536x965.jpg 1536w, https:\/\/diariodevurgos.com\/dvwps\/wp-content\/uploads\/2024\/08\/fascist2-2048x1287.jpg 2048w, https:\/\/diariodevurgos.com\/dvwps\/wp-content\/uploads\/2024\/08\/fascist2-370x232.jpg 370w\" sizes=\"(max-width: 1024px) 100vw, 1024px\" \/><figcaption>El mismo mensaje para el Frente Obrero y para VOX<\/figcaption><\/figure>\n\n\n\n<p>Esta situaci\u00f3n puede responder tambi\u00e9n a una cuesti\u00f3n que hoy preocupa a polit\u00f3logos y soci\u00f3logos: \u00bfPor qu\u00e9 los j\u00f3venes tienden m\u00e1s a la derecha?. Puede que los j\u00f3venes vean m\u00e1s revolucionario el discurso de la derecha que el de la izquierda aunque el de la derecha sea falaz. Puede que muchos de los que en su d\u00eda votaban el cambio de izquierdas y hab\u00edan bebido del discurso del 15M hoy se hayan pasado al cambio de la derecha. Tan s\u00f3lo buscaban y buscan eso, el cambio. \u00bfTal vez lo mejor para todas es que gobierne la derecha? para que nos quede claro que la lucha est\u00e1 en la calle y no en el parlamento. \u00bfTal vez es hora de gritar m\u00e1s fuerte contra los partidos?, vengan de d\u00f3nde vengan.<\/p>\n","protected":false},"excerpt":{"rendered":"<p>Puede que todo el auge de la ultraderecha no hubiese sido posible sin la inestimable ayuda del arco socialdemocrata que hoy puebla el parlamento liberal espa\u00f1ol, desde lo m\u00e1s rancio del PSOE a lo m\u00e1s \u201crevolucionario\u201d de Podemos o el PCE.<\/p>\n","protected":false},"author":1,"featured_media":25135,"comment_status":"open","ping_status":"closed","sticky":false,"template":"","format":"standard","meta":[],"categories":[51,31],"tags":[],"_links":{"self":[{"href":"https:\/\/diariodevurgos.com\/dvwps\/wp-json\/wp\/v2\/posts\/25133"}],"collection":[{"href":"https:\/\/diariodevurgos.com\/dvwps\/wp-json\/wp\/v2\/posts"}],"about":[{"href":"https:\/\/diariodevurgos.com\/dvwps\/wp-json\/wp\/v2\/types\/post"}],"author":[{"embeddable":true,"href":"https:\/\/diariodevurgos.com\/dvwps\/wp-json\/wp\/v2\/users\/1"}],"replies":[{"embeddable":true,"href":"https:\/\/diariodevurgos.com\/dvwps\/wp-json\/wp\/v2\/comments?post=25133"}],"version-history":[{"count":5,"href":"https:\/\/diariodevurgos.com\/dvwps\/wp-json\/wp\/v2\/posts\/25133\/revisions"}],"predecessor-version":[{"id":25143,"href":"https:\/\/diariodevurgos.com\/dvwps\/wp-json\/wp\/v2\/posts\/25133\/revisions\/25143"}],"wp:featuredmedia":[{"embeddable":true,"href":"https:\/\/diariodevurgos.com\/dvwps\/wp-json\/wp\/v2\/media\/25135"}],"wp:attachment":[{"href":"https:\/\/diariodevurgos.com\/dvwps\/wp-json\/wp\/v2\/media?parent=25133"}],"wp:term":[{"taxonomy":"category","embeddable":true,"href":"https:\/\/diariodevurgos.com\/dvwps\/wp-json\/wp\/v2\/categories?post=25133"},{"taxonomy":"post_tag","embeddable":true,"href":"https:\/\/diariodevurgos.com\/dvwps\/wp-json\/wp\/v2\/tags?post=25133"}],"curies":[{"name":"wp","href":"https:\/\/api.w.org\/{rel}","templated":true}]}}