{"id":25162,"date":"2024-09-23T07:36:40","date_gmt":"2024-09-23T05:36:40","guid":{"rendered":"https:\/\/diariodevurgos.com\/dvwps\/?p=25162"},"modified":"2024-09-23T07:36:42","modified_gmt":"2024-09-23T05:36:42","slug":"presentacion-del-libro-vida-en-el-ateneo-popular-los-otros-en-la-biblioteca-la-maldita","status":"publish","type":"post","link":"https:\/\/diariodevurgos.com\/dvwps\/presentacion-del-libro-vida-en-el-ateneo-popular-los-otros-en-la-biblioteca-la-maldita.php","title":{"rendered":"Presentaci\u00f3n del libro \u201cVida en el Ateneo Popular \u201cLos Otros\u201d en la Biblioteca La Maldita"},"content":{"rendered":"<p class=\"lead\">La<strong> Biblioteca La Maldita<\/strong> acoge el pr\u00f3ximo <strong>jueves, 26 de septiembre de 2024,<\/strong> la presentaci\u00f3n del libro <strong><em>Vida en el Ateneo Popular \u201cLos Otros<\/em><\/strong>, una obra que narra, desde el punto de vista de los protagonistas, la historia de este destacado centro de formaci\u00f3n y activismo cultural y social, fundado en el barrio de Gamonal en 1976, en plena transici\u00f3n de la dictadura al r\u00e9gimen actual por un pu\u00f1ado inquieto de ciudadanos.<\/p>\n<p>La iniciativa, que dar\u00e1 comienzo a partir de las <strong>20:00 horas<\/strong>, contar\u00e1 con la presencia de los autores del libro, as\u00ed como con aquellos otros protagonistas de la trayectoria de este Ateneo Popular germen de multitud de movimientos sociales en Burgos, y con especial relevancia en Gamonal.<\/p>\n<p style=\"text-align: center;\"><img loading=\"lazy\" class=\"aligncenter wp-image-25163 \" src=\"http:\/\/diariodevurgos.com\/dvwps\/wp-content\/uploads\/2024\/09\/Presentacion-Libro-Ateneo-los-otros-Biblio-La-Mladita-724x1024.jpeg\" alt=\"\" width=\"507\" height=\"717\" srcset=\"https:\/\/diariodevurgos.com\/dvwps\/wp-content\/uploads\/2024\/09\/Presentacion-Libro-Ateneo-los-otros-Biblio-La-Mladita-724x1024.jpeg 724w, https:\/\/diariodevurgos.com\/dvwps\/wp-content\/uploads\/2024\/09\/Presentacion-Libro-Ateneo-los-otros-Biblio-La-Mladita-212x300.jpeg 212w, https:\/\/diariodevurgos.com\/dvwps\/wp-content\/uploads\/2024\/09\/Presentacion-Libro-Ateneo-los-otros-Biblio-La-Mladita-768x1086.jpeg 768w, https:\/\/diariodevurgos.com\/dvwps\/wp-content\/uploads\/2024\/09\/Presentacion-Libro-Ateneo-los-otros-Biblio-La-Mladita-1086x1536.jpeg 1086w, https:\/\/diariodevurgos.com\/dvwps\/wp-content\/uploads\/2024\/09\/Presentacion-Libro-Ateneo-los-otros-Biblio-La-Mladita-370x523.jpeg 370w, https:\/\/diariodevurgos.com\/dvwps\/wp-content\/uploads\/2024\/09\/Presentacion-Libro-Ateneo-los-otros-Biblio-La-Mladita.jpeg 1131w\" sizes=\"(max-width: 507px) 100vw, 507px\" \/><\/p>\n","protected":false},"excerpt":{"rendered":"<p>La Biblioteca La Maldita acoge el pr\u00f3ximo jueves, 26 de septiembre de 2024, la presentaci\u00f3n del libro Vida en el Ateneo Popular \u201cLos Otros, una obra que narra, desde el punto de vista de los protagonistas, la historia de este destacado centro de formaci\u00f3n y activismo cultural y social, fundado en el barrio de Gamonal&#8230;  <a href=\"https:\/\/diariodevurgos.com\/dvwps\/presentacion-del-libro-vida-en-el-ateneo-popular-los-otros-en-la-biblioteca-la-maldita.php\" class=\"more-link\" title=\"Read Presentaci\u00f3n del libro \u201cVida en el Ateneo Popular \u201cLos Otros\u201d en la Biblioteca La Maldita\">Read more &raquo;<\/a><\/p>\n","protected":false},"author":2,"featured_media":25163,"comment_status":"open","ping_status":"closed","sticky":false,"template":"","format":"standard","meta":[],"categories":[2,103,14,27,6,30,8],"tags":[],"_links":{"self":[{"href":"https:\/\/diariodevurgos.com\/dvwps\/wp-json\/wp\/v2\/posts\/25162"}],"collection":[{"href":"https:\/\/diariodevurgos.com\/dvwps\/wp-json\/wp\/v2\/posts"}],"about":[{"href":"https:\/\/diariodevurgos.com\/dvwps\/wp-json\/wp\/v2\/types\/post"}],"author":[{"embeddable":true,"href":"https:\/\/diariodevurgos.com\/dvwps\/wp-json\/wp\/v2\/users\/2"}],"replies":[{"embeddable":true,"href":"https:\/\/diariodevurgos.com\/dvwps\/wp-json\/wp\/v2\/comments?post=25162"}],"version-history":[{"count":2,"href":"https:\/\/diariodevurgos.com\/dvwps\/wp-json\/wp\/v2\/posts\/25162\/revisions"}],"predecessor-version":[{"id":25165,"href":"https:\/\/diariodevurgos.com\/dvwps\/wp-json\/wp\/v2\/posts\/25162\/revisions\/25165"}],"wp:featuredmedia":[{"embeddable":true,"href":"https:\/\/diariodevurgos.com\/dvwps\/wp-json\/wp\/v2\/media\/25163"}],"wp:attachment":[{"href":"https:\/\/diariodevurgos.com\/dvwps\/wp-json\/wp\/v2\/media?parent=25162"}],"wp:term":[{"taxonomy":"category","embeddable":true,"href":"https:\/\/diariodevurgos.com\/dvwps\/wp-json\/wp\/v2\/categories?post=25162"},{"taxonomy":"post_tag","embeddable":true,"href":"https:\/\/diariodevurgos.com\/dvwps\/wp-json\/wp\/v2\/tags?post=25162"}],"curies":[{"name":"wp","href":"https:\/\/api.w.org\/{rel}","templated":true}]}}