{"id":25167,"date":"2024-09-23T22:17:38","date_gmt":"2024-09-23T20:17:38","guid":{"rendered":"https:\/\/diariodevurgos.com\/dvwps\/?p=25167"},"modified":"2024-09-23T22:20:46","modified_gmt":"2024-09-23T20:20:46","slug":"autobus-desde-burgos-a-la-manifestacion-por-la-libertad-de-los-6-de-la-suiza-en-xixon","status":"publish","type":"post","link":"https:\/\/diariodevurgos.com\/dvwps\/autobus-desde-burgos-a-la-manifestacion-por-la-libertad-de-los-6-de-la-suiza-en-xixon.php","title":{"rendered":"Autob\u00fas desde Burgos a la manifestaci\u00f3n por la libertad de los 6 de la Suiza en Xix\u00f3n"},"content":{"rendered":"\n<figure class=\"wp-block-image size-full\"><img loading=\"lazy\" width=\"542\" height=\"768\" src=\"https:\/\/diariodevurgos.com\/dvwps\/wp-content\/uploads\/2024\/09\/imagen.png\" alt=\"\" class=\"wp-image-25170\" srcset=\"https:\/\/diariodevurgos.com\/dvwps\/wp-content\/uploads\/2024\/09\/imagen.png 542w, https:\/\/diariodevurgos.com\/dvwps\/wp-content\/uploads\/2024\/09\/imagen-212x300.png 212w, https:\/\/diariodevurgos.com\/dvwps\/wp-content\/uploads\/2024\/09\/imagen-370x524.png 370w\" sizes=\"(max-width: 542px) 100vw, 542px\" \/><\/figure>\n","protected":false},"excerpt":{"rendered":"","protected":false},"author":23,"featured_media":25168,"comment_status":"open","ping_status":"closed","sticky":false,"template":"","format":"standard","meta":[],"categories":[112,14,17],"tags":[],"_links":{"self":[{"href":"https:\/\/diariodevurgos.com\/dvwps\/wp-json\/wp\/v2\/posts\/25167"}],"collection":[{"href":"https:\/\/diariodevurgos.com\/dvwps\/wp-json\/wp\/v2\/posts"}],"about":[{"href":"https:\/\/diariodevurgos.com\/dvwps\/wp-json\/wp\/v2\/types\/post"}],"author":[{"embeddable":true,"href":"https:\/\/diariodevurgos.com\/dvwps\/wp-json\/wp\/v2\/users\/23"}],"replies":[{"embeddable":true,"href":"https:\/\/diariodevurgos.com\/dvwps\/wp-json\/wp\/v2\/comments?post=25167"}],"version-history":[{"count":2,"href":"https:\/\/diariodevurgos.com\/dvwps\/wp-json\/wp\/v2\/posts\/25167\/revisions"}],"predecessor-version":[{"id":25171,"href":"https:\/\/diariodevurgos.com\/dvwps\/wp-json\/wp\/v2\/posts\/25167\/revisions\/25171"}],"wp:featuredmedia":[{"embeddable":true,"href":"https:\/\/diariodevurgos.com\/dvwps\/wp-json\/wp\/v2\/media\/25168"}],"wp:attachment":[{"href":"https:\/\/diariodevurgos.com\/dvwps\/wp-json\/wp\/v2\/media?parent=25167"}],"wp:term":[{"taxonomy":"category","embeddable":true,"href":"https:\/\/diariodevurgos.com\/dvwps\/wp-json\/wp\/v2\/categories?post=25167"},{"taxonomy":"post_tag","embeddable":true,"href":"https:\/\/diariodevurgos.com\/dvwps\/wp-json\/wp\/v2\/tags?post=25167"}],"curies":[{"name":"wp","href":"https:\/\/api.w.org\/{rel}","templated":true}]}}