{"id":25179,"date":"2024-10-07T16:31:40","date_gmt":"2024-10-07T14:31:40","guid":{"rendered":"https:\/\/diariodevurgos.com\/dvwps\/?p=25179"},"modified":"2024-10-07T16:54:07","modified_gmt":"2024-10-07T14:54:07","slug":"capitalismo-desatado","status":"publish","type":"post","link":"https:\/\/diariodevurgos.com\/dvwps\/capitalismo-desatado.php","title":{"rendered":"Capitalismo desatado"},"content":{"rendered":"\n<p class=\"lead\">Recientemente ha tenido eco medi\u00e1tico la corriente que asegura que hay razones para creer que el capitalismo hasta el final de la guerra fr\u00eda atenu\u00f3 las diferencias sociales debido a la existencia de un bloque fuerte de reg\u00edmenes comunistas. Chernenko o Fidel influyeron de manera determinante en los derechos de los obreros del bloque capitalista.<\/p>\n\n\n\n<!--more-->\n\n\n\n<p>Esta corriente se apoya en economistas e historiadores. Algunos lo hacen con art\u00edculos en famosos medios de comunicaci\u00f3n (<a href=\"https:\/\/www.theguardian.com\/commentisfree\/2019\/nov\/14\/task-politics-today-scare-capitalists-communism\">1<\/a>), pero otros lo hacen con estudios serios (aka papers) (<a href=\"https:\/\/ideas.repec.org\/p\/pra\/mprapa\/64756.html\">1<\/a>, <a href=\"https:\/\/www.ie.ufrj.br\/images\/IE\/grupos\/cede\/tds\/TD144.pdf\">2<\/a>, <a href=\"https:\/\/www.anpec.org.br\/encontro\/2016\/submissao\/files_I\/i6-69ff2164def3bf53913b4a6ca1410733.pdf\">3<\/a>). Branko Milanovic, un economista muy popular, se ha unido a esta corriente pero a\u00f1adiendo m\u00e1s conclusiones. Para Milanovic <a href=\"https:\/\/en.wikipedia.org\/wiki\/Capitalism,_Alone\">el capitalismo est\u00e1 solo<\/a> y sin nadie que le haga frente no tiene espejo d\u00f3nde mirarse. Pese a esto Milanovic distingue dos grandes bloques capitalistas: El \u201c<em>capitalismo liberal-meritocr\u00e1tico<\/em>\u201d encabezado por los Estados Unidos de Am\u00e9rica y el \u201c<em>capitalismo estado-pol\u00edtico<\/em>\u201d encarnado por Rep\u00fablica Popular China. Los dos han dejado atr\u00e1s al antiguo capitalismo, aquel que se miraba en los reg\u00edmenes comunistas y est\u00e1 en v\u00edas de extinci\u00f3n, para Milanovic este es el \u201c<em>capitalismo socialdemocr\u00e1tico<\/em>\u201d.<\/p>\n\n\n\n<p><br>Si damos la teor\u00eda de Milanovic como cierta o al menos la consideramos coherente, las pol\u00edticas socialdemocratas se ir\u00e1n deshaciendo y el capitalismo tornar\u00e1 o bien en liberal-meritocr\u00e1tico o en uno de estado-pol\u00edtico. Este economista supone que China abrazar\u00e1 la corrupci\u00f3n end\u00e9mica, un estado de derecho d\u00e9bil y una \u00e9lite que depende de la desigualdad social para seguir haciendo crecer el pa\u00eds. Mientras que EEUU desterrar\u00e1 por completo el ascensor social y se estimular\u00e1 la influencia de las \u00e9lites econ\u00f3micas en las decisiones pol\u00edticas debilitando la democracia m\u00e1s si cabe. Lo m\u00e1s importante es que en ambos escenarios el incremento de las desigualdades sociales son parte fundamental del proceso, el capitalismo acelerar\u00e1 su producci\u00f3n de pobreza en todo en planeta. Siendo honestos Milanovic no se limita a traer malas noticias, tambi\u00e9n trae soluciones para este capitalismo desatado, pero eso ya es harina de otro costal. Tampoco hay que olvidar que nadie ve el futuro, la tesis de Milanovic puede ser interesante pero no tiene porqu\u00e9 cumplirse.<\/p>\n\n\n\n<figure class=\"wp-block-image size-full\"><img loading=\"lazy\" width=\"836\" height=\"825\" src=\"http:\/\/diariodevurgos.com\/dvwps\/wp-content\/uploads\/2024\/10\/capitalism.jpg\" alt=\"\" class=\"wp-image-25180\" srcset=\"https:\/\/diariodevurgos.com\/dvwps\/wp-content\/uploads\/2024\/10\/capitalism.jpg 836w, https:\/\/diariodevurgos.com\/dvwps\/wp-content\/uploads\/2024\/10\/capitalism-300x296.jpg 300w, https:\/\/diariodevurgos.com\/dvwps\/wp-content\/uploads\/2024\/10\/capitalism-768x758.jpg 768w, https:\/\/diariodevurgos.com\/dvwps\/wp-content\/uploads\/2024\/10\/capitalism-370x365.jpg 370w\" sizes=\"(max-width: 836px) 100vw, 836px\" \/><\/figure>\n\n\n\n<p>Sujetos a la clasificaci\u00f3n capitalista de Milanovic podemos situar los partidos pol\u00edticos actuales seg\u00fan sus propuestas econ\u00f3micas dentro de los dos bloques capitalistas. La derecha, los liberales y el centro estar\u00e1n probablemente m\u00e1s cerca del liberal-meritocr\u00e1tico mientras que la izquierda se escorar\u00e1 al estado-pol\u00edtico. El problema de todo esto es que bajo esta perspectiva la izquierda occidental tiene los pies de barro.<\/p>\n\n\n\n<p><br><strong>La historia<\/strong><br>Todos sabemos que los derechos conquistados por los trabajadores son, en su gran mayor\u00eda, fruto de las luchas. Que los pol\u00edticos, ya sea en el parlamento o en la representaci\u00f3n sindical, se intenten apropiar de ellos no deber\u00eda ni asombrarnos ni enga\u00f1arnos. Pero tambi\u00e9n es cierto que algunos logros son propiedad de las mesas de representantes aunque la calle los propicie. Si la oligarqu\u00eda secuestra los escasos mecanismos de cambio la ya de por si dudosa figura de los representantes pol\u00edticos se volver\u00e1 m\u00e1s cuestionable si cabe. La izquierda parlamentaria cada vez tendr\u00e1 m\u00e1s dif\u00edcil vender la supuesta conquista de derechos a sus votantes ya que los avances sociales ser\u00e1n en realidad retrocesos sociales. Actualmente en Espa\u00f1a 2,5 millones de trabajadores viven en la pobreza pese a tener un empleo. Sin una amenaza exterior puede que sea verdad que el capitalismo ya no necesita pol\u00edticas de izquierda y eso se har\u00e1 notar tambi\u00e9n en las luchas. La luchas de los trabajadores ser\u00e1n m\u00e1s duras e infructuosas.<\/p>\n\n\n\n<p><br><strong>Lo p\u00fablico<\/strong><br>La izquierda parlamentaria basa gran parte de sus principios en la defensa de lo p\u00fablico como una forma de emancipaci\u00f3n. Sus discursos dicen que con lo p\u00fablico ganan los pobres sobre los ricos, si lo p\u00fablico gana el obrero tendr\u00e1 m\u00e1s fuerza, con lo p\u00fablico las diferencias econ\u00f3micas se acortan y el ascensor social funciona. La defensa de la sanidad o la educaci\u00f3n p\u00fablica ha sido y son unas de las principales causas de movilizaci\u00f3n de nuestra sociedad. Y lo cierto es que esta receta ha tenido sentido en un tiempo pasado pero puede no tener sentido en un presente cercano. Lo p\u00fablico puede dejar de ser la batalla ganada de los lacayos contra los se\u00f1ores. Un ejemplo de esto ser\u00eda la apuesta del Partido Popular por la vivienda social. Una pol\u00edtica propia de un partido de izquierdas ahora encarnada en la derecha liberal. En Burgos ciudad y provincia se ha aprobado la construcci\u00f3n de viviendas de alquiler para j\u00f3venes. Esta medida destina dinero p\u00fablico a fomentar la construcci\u00f3n de vivienda nueva bajo la falsa premisa de que el \u00fanico problema del acceso a la vivienda es la falta de oferta ignorando otras pol\u00edticas como la de regular el mercado o el castigo impositivo. Lo p\u00fablico tambi\u00e9n puede ayudar a empujar el capitalismo, tan importante es el contexto c\u00f3mo la medida en si.<\/p>\n\n\n\n<p><br><strong>La extrema derecha como s\u00edntoma<\/strong><br>Que gran parte de los poderes olig\u00e1rquicos est\u00e9 detr\u00e1s de la financiaci\u00f3n de los partidos de extrema derecha puede ser tambi\u00e9n un aviso de la llegada de este capitalismo desatado. Destrozar el ascensor social tiene sus consecuencias. Sin embargo, la ideolog\u00eda tras la extrema derecha lo niega como nadie. La extrema derecha esta cimentada en la meritocracia venden el mantra que implora que la riqueza y el \u00e9xito social es fruto del trabajo y la perseverancia haci\u00e9ndonos olvidar que el valor con m\u00e1s peso de esta ecuaci\u00f3n es el origen social. Adem\u00e1s la extrema derecha tiene otras ventajas, es el veh\u00edculo ideal para crear nuevos pobres, estratifica la clase obrera y la hace competir entre ella olvid\u00e1ndose del verdadero enemigo.<\/p>\n\n\n\n<p><br><strong>La lucha est\u00e1 en la calle y no en el parlamento<\/strong><br>Con una izquierda parlamentaria cada vez m\u00e1s inoperante, sin avances sociales que no se salgan del marco liberal y con una clase obrera empobrecida sin importar el rinc\u00f3n del planeta d\u00f3nde nos encontremos. La calle, los colectivos sociales y determinados sindicatos fuera de la esfera de la izquierda del capital pueden llegar a ser la \u00fanica v\u00eda para los futuros progresos sociales y plantar cara a ese supuesto capitalismo desatado.<\/p>\n\n\n\n<p><br>\u00bfTendr\u00e1 raz\u00f3n ese <s>loco<\/s> economista llamado Branko Milanovic?<\/p>\n","protected":false},"excerpt":{"rendered":"<p>Recientemente ha tenido eco medi\u00e1tico la corriente que asegura que hay razones para creer que el capitalismo hasta el final de la guerra fr\u00eda atenu\u00f3 las diferencias sociales debido a la existencia de un bloque fuerte de reg\u00edmenes comunistas. Chernenko o Fidel influyeron de manera determinante en los derechos de los obreros del bloque capitalista.<\/p>\n","protected":false},"author":1,"featured_media":25180,"comment_status":"open","ping_status":"closed","sticky":false,"template":"","format":"standard","meta":[],"categories":[2,95,91,115],"tags":[],"_links":{"self":[{"href":"https:\/\/diariodevurgos.com\/dvwps\/wp-json\/wp\/v2\/posts\/25179"}],"collection":[{"href":"https:\/\/diariodevurgos.com\/dvwps\/wp-json\/wp\/v2\/posts"}],"about":[{"href":"https:\/\/diariodevurgos.com\/dvwps\/wp-json\/wp\/v2\/types\/post"}],"author":[{"embeddable":true,"href":"https:\/\/diariodevurgos.com\/dvwps\/wp-json\/wp\/v2\/users\/1"}],"replies":[{"embeddable":true,"href":"https:\/\/diariodevurgos.com\/dvwps\/wp-json\/wp\/v2\/comments?post=25179"}],"version-history":[{"count":2,"href":"https:\/\/diariodevurgos.com\/dvwps\/wp-json\/wp\/v2\/posts\/25179\/revisions"}],"predecessor-version":[{"id":25183,"href":"https:\/\/diariodevurgos.com\/dvwps\/wp-json\/wp\/v2\/posts\/25179\/revisions\/25183"}],"wp:featuredmedia":[{"embeddable":true,"href":"https:\/\/diariodevurgos.com\/dvwps\/wp-json\/wp\/v2\/media\/25180"}],"wp:attachment":[{"href":"https:\/\/diariodevurgos.com\/dvwps\/wp-json\/wp\/v2\/media?parent=25179"}],"wp:term":[{"taxonomy":"category","embeddable":true,"href":"https:\/\/diariodevurgos.com\/dvwps\/wp-json\/wp\/v2\/categories?post=25179"},{"taxonomy":"post_tag","embeddable":true,"href":"https:\/\/diariodevurgos.com\/dvwps\/wp-json\/wp\/v2\/tags?post=25179"}],"curies":[{"name":"wp","href":"https:\/\/api.w.org\/{rel}","templated":true}]}}