{"id":25198,"date":"2024-10-18T06:41:11","date_gmt":"2024-10-18T04:41:11","guid":{"rendered":"https:\/\/diariodevurgos.com\/dvwps\/?p=25198"},"modified":"2024-10-18T06:47:48","modified_gmt":"2024-10-18T04:47:48","slug":"biblioteca-la-maldita-15-anos-contra-viento-y-marea","status":"publish","type":"post","link":"https:\/\/diariodevurgos.com\/dvwps\/biblioteca-la-maldita-15-anos-contra-viento-y-marea.php","title":{"rendered":"Biblioteca La Maldita: 15 a\u00f1os contra viento y marea"},"content":{"rendered":"<p class=\"lead\">La <strong>Biblioteca La Maldita<\/strong> cumple su <strong>XV aniversario<\/strong> y para celebrar sus ya tres lustros de andadura ha organizado unas <a href=\"https:\/\/diariodevurgos.com\/dvwps\/xv-aniversario-de-la-biblioteca-anarquista-la-maldita.php\">jornadas que se desarrollar\u00e1n durante este mes de octubre.<\/a> Publicamos a continuaci\u00f3n un texto que est\u00e1 difundiendo la biblioteca anarquista afincada en Gamonal.<!--more--><\/p>\n<p>El siguiente texto se incluye como introducci\u00f3n al libreto publicado por la Biblioteca La Maldita donde se recogen algunos de los escritos aportados al <strong>certamen literario<\/strong> organizado con motivo del <strong>XV aniversario<\/strong> y que comenzar\u00e1 a distribuirse durante las jornadas programadas para este mes de octubre.<\/p>\n<p><strong>La Biblioteca Anarquista La Maldita cumple 15 a\u00f1os.<\/strong><\/p>\n<p>Un proyecto de difusi\u00f3n del pensamiento anarquista, un espacio de encuentro donde aprender entre todas, desde la horizontalidad, donde compartir el pensamiento revolucionario y avanzar hacia nuevos horizontes, haciendo frente al sistema que nos oprime d\u00eda a d\u00eda. Apostamos por los ideales anarquistas como son la solidaridad y el apoyo mutuo, la autonom\u00eda y autogesti\u00f3n al margen del sistema, organiz\u00e1ndonos contra todo poder. Durante estos 15 a\u00f1os se han desarrollado diferentes actividades culturales, debates, presentaciones de libros, jornadas, adem\u00e1s de albergar un gran fondo de libros de material cr\u00edtico. Estos materiales en su mayor\u00eda provienen de editoriales no comerciales y cuya autor\u00eda tiene como fin transmitir la idea y no buscando un beneficio econ\u00f3mico.<\/p>\n<p>Nuestra pretensi\u00f3n nunca ha sido quedarnos entre cuatro paredes. Queremos rebasar los muros del local, haciendo difusi\u00f3n de estas ideas a trav\u00e9s de campa\u00f1as, acciones, luchas sociales que se producen en nuestro entorno y solidariz\u00e1ndonos con aquellas luchas o colectivos contestatarios.<br \/>\nCuando comenzamos hace 15 a\u00f1os ve\u00edamos fundamental un espacio as\u00ed en la ciudad, donde las ideas antiautoritarias estuvieran presentes. Hoy en d\u00eda creemos que sigue siendo igual de necesario o m\u00e1s, debido a la deriva totalitaria del mundo en que vivimos.<\/p>\n\n\t\t<style type=\"text\/css\">\n\t\t\t#gallery-1 {\n\t\t\t\tmargin: auto;\n\t\t\t}\n\t\t\t#gallery-1 .gallery-item {\n\t\t\t\tfloat: left;\n\t\t\t\tmargin-top: 10px;\n\t\t\t\ttext-align: center;\n\t\t\t\twidth: 50%;\n\t\t\t}\n\t\t\t#gallery-1 img {\n\t\t\t\tborder: 2px solid #cfcfcf;\n\t\t\t}\n\t\t\t#gallery-1 .gallery-caption {\n\t\t\t\tmargin-left: 0;\n\t\t\t}\n\t\t\t\/* see gallery_shortcode() in wp-includes\/media.php *\/\n\t\t<\/style>\n\t\t<div id='gallery-1' class='gallery galleryid-25198 gallery-columns-2 gallery-size-large'><dl class='gallery-item'>\n\t\t\t<dt class='gallery-icon portrait'>\n\t\t\t\t<a class=\"thumbnail\" href='https:\/\/diariodevurgos.com\/dvwps\/xv-aniversario-de-la-biblioteca-anarquista-la-maldita.php\/programacion-xv-aniversario-biblio'><img width=\"580\" height=\"820\" src=\"https:\/\/diariodevurgos.com\/dvwps\/wp-content\/uploads\/2024\/10\/Programacion-XV-Aniversario-Biblio-724x1024.jpeg\" class=\"attachment-large size-large\" alt=\"\" loading=\"lazy\" srcset=\"https:\/\/diariodevurgos.com\/dvwps\/wp-content\/uploads\/2024\/10\/Programacion-XV-Aniversario-Biblio-724x1024.jpeg 724w, https:\/\/diariodevurgos.com\/dvwps\/wp-content\/uploads\/2024\/10\/Programacion-XV-Aniversario-Biblio-212x300.jpeg 212w, https:\/\/diariodevurgos.com\/dvwps\/wp-content\/uploads\/2024\/10\/Programacion-XV-Aniversario-Biblio-768x1086.jpeg 768w, https:\/\/diariodevurgos.com\/dvwps\/wp-content\/uploads\/2024\/10\/Programacion-XV-Aniversario-Biblio-1086x1536.jpeg 1086w, https:\/\/diariodevurgos.com\/dvwps\/wp-content\/uploads\/2024\/10\/Programacion-XV-Aniversario-Biblio-370x523.jpeg 370w, https:\/\/diariodevurgos.com\/dvwps\/wp-content\/uploads\/2024\/10\/Programacion-XV-Aniversario-Biblio.jpeg 1131w\" sizes=\"(max-width: 580px) 100vw, 580px\" \/><\/a>\n\t\t\t<\/dt><\/dl><dl class='gallery-item'>\n\t\t\t<dt class='gallery-icon portrait'>\n\t\t\t\t<a class=\"thumbnail\" href='https:\/\/diariodevurgos.com\/dvwps\/xv-aniversario-de-la-biblioteca-anarquista-la-maldita.php\/explicacion-programacion-xv-aniversario'><img width=\"580\" height=\"820\" src=\"https:\/\/diariodevurgos.com\/dvwps\/wp-content\/uploads\/2024\/10\/Explicacion-programacion-XV-aniversario-724x1024.jpeg\" class=\"attachment-large size-large\" alt=\"\" loading=\"lazy\" srcset=\"https:\/\/diariodevurgos.com\/dvwps\/wp-content\/uploads\/2024\/10\/Explicacion-programacion-XV-aniversario-724x1024.jpeg 724w, https:\/\/diariodevurgos.com\/dvwps\/wp-content\/uploads\/2024\/10\/Explicacion-programacion-XV-aniversario-212x300.jpeg 212w, https:\/\/diariodevurgos.com\/dvwps\/wp-content\/uploads\/2024\/10\/Explicacion-programacion-XV-aniversario-768x1086.jpeg 768w, https:\/\/diariodevurgos.com\/dvwps\/wp-content\/uploads\/2024\/10\/Explicacion-programacion-XV-aniversario-1086x1536.jpeg 1086w, https:\/\/diariodevurgos.com\/dvwps\/wp-content\/uploads\/2024\/10\/Explicacion-programacion-XV-aniversario-370x523.jpeg 370w, https:\/\/diariodevurgos.com\/dvwps\/wp-content\/uploads\/2024\/10\/Explicacion-programacion-XV-aniversario.jpeg 1131w\" sizes=\"(max-width: 580px) 100vw, 580px\" \/><\/a>\n\t\t\t<\/dt><\/dl><br style=\"clear: both\" \/>\n\t\t<\/div>\n\n<p>Necesitamos unir fuerzas, afianzar las ideas anarquistas y seguir luchando por un mundo nuevo. La Biblioteca seguir\u00e1 siendo un lugar donde poder reunirse y encontrarse, generando luchas que nos lleven a ser las due\u00f1as de nuestras vidas.<\/p>\n<p>Agradecemos a todas las personas que han pasado por este espacio, formando parte de \u00e9l o apoy\u00e1ndolo, ya que entre todas hemos hecho el camino que nos ha tra\u00eddo hasta aqu\u00ed.<\/p>\n<p><strong>Salud y Anarqu\u00eda.<\/strong><\/p>\n","protected":false},"excerpt":{"rendered":"<p>La Biblioteca La Maldita cumple su XV aniversario y para celebrar sus ya tres lustros de andadura ha organizado unas jornadas que se desarrollar\u00e1n durante este mes de octubre. Publicamos a continuaci\u00f3n un texto que est\u00e1 difundiendo la biblioteca anarquista afincada en Gamonal.<\/p>\n","protected":false},"author":2,"featured_media":25185,"comment_status":"open","ping_status":"closed","sticky":false,"template":"","format":"standard","meta":[],"categories":[112,2,27,7],"tags":[],"_links":{"self":[{"href":"https:\/\/diariodevurgos.com\/dvwps\/wp-json\/wp\/v2\/posts\/25198"}],"collection":[{"href":"https:\/\/diariodevurgos.com\/dvwps\/wp-json\/wp\/v2\/posts"}],"about":[{"href":"https:\/\/diariodevurgos.com\/dvwps\/wp-json\/wp\/v2\/types\/post"}],"author":[{"embeddable":true,"href":"https:\/\/diariodevurgos.com\/dvwps\/wp-json\/wp\/v2\/users\/2"}],"replies":[{"embeddable":true,"href":"https:\/\/diariodevurgos.com\/dvwps\/wp-json\/wp\/v2\/comments?post=25198"}],"version-history":[{"count":2,"href":"https:\/\/diariodevurgos.com\/dvwps\/wp-json\/wp\/v2\/posts\/25198\/revisions"}],"predecessor-version":[{"id":25201,"href":"https:\/\/diariodevurgos.com\/dvwps\/wp-json\/wp\/v2\/posts\/25198\/revisions\/25201"}],"wp:featuredmedia":[{"embeddable":true,"href":"https:\/\/diariodevurgos.com\/dvwps\/wp-json\/wp\/v2\/media\/25185"}],"wp:attachment":[{"href":"https:\/\/diariodevurgos.com\/dvwps\/wp-json\/wp\/v2\/media?parent=25198"}],"wp:term":[{"taxonomy":"category","embeddable":true,"href":"https:\/\/diariodevurgos.com\/dvwps\/wp-json\/wp\/v2\/categories?post=25198"},{"taxonomy":"post_tag","embeddable":true,"href":"https:\/\/diariodevurgos.com\/dvwps\/wp-json\/wp\/v2\/tags?post=25198"}],"curies":[{"name":"wp","href":"https:\/\/api.w.org\/{rel}","templated":true}]}}