{"id":25208,"date":"2024-10-24T06:14:43","date_gmt":"2024-10-24T04:14:43","guid":{"rendered":"https:\/\/diariodevurgos.com\/dvwps\/?p=25208"},"modified":"2024-10-24T06:14:45","modified_gmt":"2024-10-24T04:14:45","slug":"una-vez-mas-la-historia-se-repite","status":"publish","type":"post","link":"https:\/\/diariodevurgos.com\/dvwps\/una-vez-mas-la-historia-se-repite.php","title":{"rendered":"Una vez m\u00e1s la historia se repite"},"content":{"rendered":"<p class=\"lead\">Una <strong>manifestaci\u00f3n<\/strong> recorrer\u00e1 hoy, jueves 24 de octubre, las principales calles de Gamonal para expresar el rechazo vecinal frente al proyecto de <strong>construcci\u00f3n de aparcamientos en altura<\/strong> que pretende llevar a cabo el Ayuntamiento de Burgos. Una vez m\u00e1s, la historia se repite.<!--more--><\/p>\n<p>El ayuntamiento de Burgos planea crear un megaproyecto en el coraz\u00f3n de nuestro barrio, esta vez con forma de un aparcamiento en altura en la calle Mar\u00eda Amigo.<\/p>\n<p>Una vez m\u00e1s el ayuntamiento decide gastar millones de euros en un solo proyecto, sin contar con el consenso vecinal y mostrando su lado m\u00e1s autoritario. Una vez m\u00e1s el ayuntamiento apuesta por la privatizaci\u00f3n del suelo p\u00fablico, ayudando a la especulaci\u00f3n y a la subida de los precios que tanto ahogan a los barrios obreros. Una vez m\u00e1s el ayuntamiento opta por proyectos poco sostenibles, que aumentan el peso del coche privado en nuestras vidas, desgastando el medio ambiente y generando ciudades menos saludables. Y una vez m\u00e1s veremos como el ayuntamiento enriquece a las mismas empresas corruptas y politizadas de siempre.<\/p>\n<p style=\"text-align: center;\"><img loading=\"lazy\" class=\"alignleft wp-image-25209 \" src=\"http:\/\/diariodevurgos.com\/dvwps\/wp-content\/uploads\/2024\/10\/Manifestacion-24-de-octubre-707x1024.jpeg\" alt=\"\" width=\"370\" height=\"536\" srcset=\"https:\/\/diariodevurgos.com\/dvwps\/wp-content\/uploads\/2024\/10\/Manifestacion-24-de-octubre-707x1024.jpeg 707w, https:\/\/diariodevurgos.com\/dvwps\/wp-content\/uploads\/2024\/10\/Manifestacion-24-de-octubre-207x300.jpeg 207w, https:\/\/diariodevurgos.com\/dvwps\/wp-content\/uploads\/2024\/10\/Manifestacion-24-de-octubre-768x1112.jpeg 768w, https:\/\/diariodevurgos.com\/dvwps\/wp-content\/uploads\/2024\/10\/Manifestacion-24-de-octubre-1061x1536.jpeg 1061w, https:\/\/diariodevurgos.com\/dvwps\/wp-content\/uploads\/2024\/10\/Manifestacion-24-de-octubre-370x536.jpeg 370w, https:\/\/diariodevurgos.com\/dvwps\/wp-content\/uploads\/2024\/10\/Manifestacion-24-de-octubre.jpeg 1105w\" sizes=\"(max-width: 370px) 100vw, 370px\" \/><\/p>\n<p>La historia se repite, no s\u00f3lo en Gamonal, tambi\u00e9n en la zona sur, en donde nuestros compa\u00f1eros y compa\u00f1eras luchan contra otro aparcamiento en altura que quieren erigir en las inmediaciones de la escuela Sierra de Atapuerca, o a lo largo y ancho de toda la ciudad de Burgos que tambi\u00e9n lucha contra el PGOU. Estos movimientos se organizan desde el barrio, es por ello que toda persona que quiera estar en la lucha queda invitada a las asambleas vecinales que se celebran en el Centro Social Recuperado de Gamonal. La historia se repite, y en esta ocasi\u00f3n tambi\u00e9n encontrar\u00e1n un barrio unido y combativo.<\/p>\n<p>\u00a1UNA VEZ M\u00c1S NOS VER\u00c1N EN LAS CALLES!<br \/>\n\u00a1NO AL APARCAMIENTO EN ALTURA EN MAR\u00cdA AMIGO!<\/p>\n","protected":false},"excerpt":{"rendered":"<p>Una manifestaci\u00f3n recorrer\u00e1 hoy, jueves 24 de octubre, las principales calles de Gamonal para expresar el rechazo vecinal frente al proyecto de construcci\u00f3n de aparcamientos en altura que pretende llevar a cabo el Ayuntamiento de Burgos. Una vez m\u00e1s, la historia se repite.<\/p>\n","protected":false},"author":2,"featured_media":25209,"comment_status":"open","ping_status":"closed","sticky":false,"template":"","format":"standard","meta":[],"categories":[2,27,7],"tags":[],"_links":{"self":[{"href":"https:\/\/diariodevurgos.com\/dvwps\/wp-json\/wp\/v2\/posts\/25208"}],"collection":[{"href":"https:\/\/diariodevurgos.com\/dvwps\/wp-json\/wp\/v2\/posts"}],"about":[{"href":"https:\/\/diariodevurgos.com\/dvwps\/wp-json\/wp\/v2\/types\/post"}],"author":[{"embeddable":true,"href":"https:\/\/diariodevurgos.com\/dvwps\/wp-json\/wp\/v2\/users\/2"}],"replies":[{"embeddable":true,"href":"https:\/\/diariodevurgos.com\/dvwps\/wp-json\/wp\/v2\/comments?post=25208"}],"version-history":[{"count":1,"href":"https:\/\/diariodevurgos.com\/dvwps\/wp-json\/wp\/v2\/posts\/25208\/revisions"}],"predecessor-version":[{"id":25210,"href":"https:\/\/diariodevurgos.com\/dvwps\/wp-json\/wp\/v2\/posts\/25208\/revisions\/25210"}],"wp:featuredmedia":[{"embeddable":true,"href":"https:\/\/diariodevurgos.com\/dvwps\/wp-json\/wp\/v2\/media\/25209"}],"wp:attachment":[{"href":"https:\/\/diariodevurgos.com\/dvwps\/wp-json\/wp\/v2\/media?parent=25208"}],"wp:term":[{"taxonomy":"category","embeddable":true,"href":"https:\/\/diariodevurgos.com\/dvwps\/wp-json\/wp\/v2\/categories?post=25208"},{"taxonomy":"post_tag","embeddable":true,"href":"https:\/\/diariodevurgos.com\/dvwps\/wp-json\/wp\/v2\/tags?post=25208"}],"curies":[{"name":"wp","href":"https:\/\/api.w.org\/{rel}","templated":true}]}}