{"id":25241,"date":"2024-11-20T06:25:07","date_gmt":"2024-11-20T05:25:07","guid":{"rendered":"https:\/\/diariodevurgos.com\/dvwps\/?p=25241"},"modified":"2024-11-20T06:25:09","modified_gmt":"2024-11-20T05:25:09","slug":"concentracion-antifascista-2","status":"publish","type":"post","link":"https:\/\/diariodevurgos.com\/dvwps\/concentracion-antifascista-2.php","title":{"rendered":"Concentraci\u00f3n antifascista"},"content":{"rendered":"<p class=\"lead\">El colectivo\u00a0 <strong>Resaca Castellana<\/strong> convoca una <strong>concentraci\u00f3n antifascista<\/strong> el <strong>viernes 22 de noviembre.<\/strong> La iniciativa, que dar\u00e1 comienzo a partir de las <strong>20:00 horas<\/strong>, tendr\u00e1 lugar en la <strong>plaza del Cid<\/strong>.<\/p>\n<p style=\"text-align: center;\"><img loading=\"lazy\" class=\"aligncenter wp-image-25242 \" src=\"http:\/\/diariodevurgos.com\/dvwps\/wp-content\/uploads\/2024\/11\/Concentracion-22-noviembre.jpeg\" alt=\"\" width=\"446\" height=\"630\" srcset=\"https:\/\/diariodevurgos.com\/dvwps\/wp-content\/uploads\/2024\/11\/Concentracion-22-noviembre.jpeg 481w, https:\/\/diariodevurgos.com\/dvwps\/wp-content\/uploads\/2024\/11\/Concentracion-22-noviembre-212x300.jpeg 212w, https:\/\/diariodevurgos.com\/dvwps\/wp-content\/uploads\/2024\/11\/Concentracion-22-noviembre-370x523.jpeg 370w\" sizes=\"(max-width: 446px) 100vw, 446px\" \/><\/p>\n","protected":false},"excerpt":{"rendered":"<p>El colectivo\u00a0 Resaca Castellana convoca una concentraci\u00f3n antifascista el viernes 22 de noviembre. La iniciativa, que dar\u00e1 comienzo a partir de las 20:00 horas, tendr\u00e1 lugar en la plaza del Cid.<\/p>\n","protected":false},"author":2,"featured_media":25242,"comment_status":"open","ping_status":"closed","sticky":false,"template":"","format":"standard","meta":[],"categories":[31,2,14],"tags":[],"_links":{"self":[{"href":"https:\/\/diariodevurgos.com\/dvwps\/wp-json\/wp\/v2\/posts\/25241"}],"collection":[{"href":"https:\/\/diariodevurgos.com\/dvwps\/wp-json\/wp\/v2\/posts"}],"about":[{"href":"https:\/\/diariodevurgos.com\/dvwps\/wp-json\/wp\/v2\/types\/post"}],"author":[{"embeddable":true,"href":"https:\/\/diariodevurgos.com\/dvwps\/wp-json\/wp\/v2\/users\/2"}],"replies":[{"embeddable":true,"href":"https:\/\/diariodevurgos.com\/dvwps\/wp-json\/wp\/v2\/comments?post=25241"}],"version-history":[{"count":2,"href":"https:\/\/diariodevurgos.com\/dvwps\/wp-json\/wp\/v2\/posts\/25241\/revisions"}],"predecessor-version":[{"id":25244,"href":"https:\/\/diariodevurgos.com\/dvwps\/wp-json\/wp\/v2\/posts\/25241\/revisions\/25244"}],"wp:featuredmedia":[{"embeddable":true,"href":"https:\/\/diariodevurgos.com\/dvwps\/wp-json\/wp\/v2\/media\/25242"}],"wp:attachment":[{"href":"https:\/\/diariodevurgos.com\/dvwps\/wp-json\/wp\/v2\/media?parent=25241"}],"wp:term":[{"taxonomy":"category","embeddable":true,"href":"https:\/\/diariodevurgos.com\/dvwps\/wp-json\/wp\/v2\/categories?post=25241"},{"taxonomy":"post_tag","embeddable":true,"href":"https:\/\/diariodevurgos.com\/dvwps\/wp-json\/wp\/v2\/tags?post=25241"}],"curies":[{"name":"wp","href":"https:\/\/api.w.org\/{rel}","templated":true}]}}