{"id":25248,"date":"2024-11-26T22:18:06","date_gmt":"2024-11-26T21:18:06","guid":{"rendered":"https:\/\/diariodevurgos.com\/dvwps\/?p=25248"},"modified":"2024-11-26T22:18:48","modified_gmt":"2024-11-26T21:18:48","slug":"25248","status":"publish","type":"post","link":"https:\/\/diariodevurgos.com\/dvwps\/25248.php","title":{"rendered":"Concierto solidario por la DANA en CSR Gamonal"},"content":{"rendered":"<p class=\"lead\">El pr\u00f3ximo <strong>viernes 29 de noviembre<\/strong>, el <strong>Centro Social Recuperado de Gamonal<\/strong> acoger\u00e1 un concierto en apoyo a las personas damnificadas por la DANA. Las actuaciones, dar\u00e1n comienzo a partir de las <strong>20:00 horas,<\/strong> y contar\u00e1n con la presencia de varios artistas y formaciones locales que quieren aportar su trabajo a esta causa solidaria. M\u00e1s informaci\u00f3n a trav\u00e9s de la web <a href=\"https:\/\/conciertosporladana.es\/concierto-I\/\">conciertos por la Dana.<\/a><\/p>\n<p style=\"text-align: center;\"><img loading=\"lazy\" class=\"aligncenter wp-image-25249 \" src=\"http:\/\/diariodevurgos.com\/dvwps\/wp-content\/uploads\/2024\/11\/Concierto-solidario-DANA-723x1024.jpeg\" alt=\"\" width=\"502\" height=\"711\" srcset=\"https:\/\/diariodevurgos.com\/dvwps\/wp-content\/uploads\/2024\/11\/Concierto-solidario-DANA-723x1024.jpeg 723w, https:\/\/diariodevurgos.com\/dvwps\/wp-content\/uploads\/2024\/11\/Concierto-solidario-DANA-212x300.jpeg 212w, https:\/\/diariodevurgos.com\/dvwps\/wp-content\/uploads\/2024\/11\/Concierto-solidario-DANA-768x1087.jpeg 768w, https:\/\/diariodevurgos.com\/dvwps\/wp-content\/uploads\/2024\/11\/Concierto-solidario-DANA-1085x1536.jpeg 1085w, https:\/\/diariodevurgos.com\/dvwps\/wp-content\/uploads\/2024\/11\/Concierto-solidario-DANA-370x524.jpeg 370w, https:\/\/diariodevurgos.com\/dvwps\/wp-content\/uploads\/2024\/11\/Concierto-solidario-DANA.jpeg 1130w\" sizes=\"(max-width: 502px) 100vw, 502px\" \/><\/p>\n","protected":false},"excerpt":{"rendered":"<p>El pr\u00f3ximo viernes 29 de noviembre, el Centro Social Recuperado de Gamonal acoger\u00e1 un concierto en apoyo a las personas damnificadas por la DANA. Las actuaciones, dar\u00e1n comienzo a partir de las 20:00 horas, y contar\u00e1n con la presencia de varios artistas y formaciones locales que quieren aportar su trabajo a esta causa solidaria. M\u00e1s&#8230;  <a href=\"https:\/\/diariodevurgos.com\/dvwps\/25248.php\" class=\"more-link\" title=\"Read Concierto solidario por la DANA en CSR Gamonal\">Read more &raquo;<\/a><\/p>\n","protected":false},"author":2,"featured_media":25249,"comment_status":"open","ping_status":"closed","sticky":false,"template":"","format":"standard","meta":[],"categories":[2,78,14,27,16],"tags":[],"_links":{"self":[{"href":"https:\/\/diariodevurgos.com\/dvwps\/wp-json\/wp\/v2\/posts\/25248"}],"collection":[{"href":"https:\/\/diariodevurgos.com\/dvwps\/wp-json\/wp\/v2\/posts"}],"about":[{"href":"https:\/\/diariodevurgos.com\/dvwps\/wp-json\/wp\/v2\/types\/post"}],"author":[{"embeddable":true,"href":"https:\/\/diariodevurgos.com\/dvwps\/wp-json\/wp\/v2\/users\/2"}],"replies":[{"embeddable":true,"href":"https:\/\/diariodevurgos.com\/dvwps\/wp-json\/wp\/v2\/comments?post=25248"}],"version-history":[{"count":3,"href":"https:\/\/diariodevurgos.com\/dvwps\/wp-json\/wp\/v2\/posts\/25248\/revisions"}],"predecessor-version":[{"id":25252,"href":"https:\/\/diariodevurgos.com\/dvwps\/wp-json\/wp\/v2\/posts\/25248\/revisions\/25252"}],"wp:featuredmedia":[{"embeddable":true,"href":"https:\/\/diariodevurgos.com\/dvwps\/wp-json\/wp\/v2\/media\/25249"}],"wp:attachment":[{"href":"https:\/\/diariodevurgos.com\/dvwps\/wp-json\/wp\/v2\/media?parent=25248"}],"wp:term":[{"taxonomy":"category","embeddable":true,"href":"https:\/\/diariodevurgos.com\/dvwps\/wp-json\/wp\/v2\/categories?post=25248"},{"taxonomy":"post_tag","embeddable":true,"href":"https:\/\/diariodevurgos.com\/dvwps\/wp-json\/wp\/v2\/tags?post=25248"}],"curies":[{"name":"wp","href":"https:\/\/api.w.org\/{rel}","templated":true}]}}