{"id":25302,"date":"2025-01-12T22:52:07","date_gmt":"2025-01-12T21:52:07","guid":{"rendered":"https:\/\/diariodevurgos.com\/dvwps\/?p=25302"},"modified":"2025-01-12T22:52:08","modified_gmt":"2025-01-12T21:52:08","slug":"el-csr-gamonal-muestra-su-rechazo-a-los-aparcamientos-en-altura-y-a-la-modificacion-del-pgou","status":"publish","type":"post","link":"https:\/\/diariodevurgos.com\/dvwps\/el-csr-gamonal-muestra-su-rechazo-a-los-aparcamientos-en-altura-y-a-la-modificacion-del-pgou.php","title":{"rendered":"El CSR Gamonal muestra su rechazo a los aparcamientos en altura y a la modificaci\u00f3n del PGOU"},"content":{"rendered":"<p class=\"lead\">A trav\u00e9s de un comunicado publicado en su blog, el <a href=\"https:\/\/csrgamonal.ga\/2025\/01\/12\/1604\/\">Centro Social Recuperado de Gamonal<\/a> manifiesta su rechazo a la construcci\u00f3n de aparcamientos en altura en diversos lugares de la ciudad de Burgos, as\u00ed como a la modificaci\u00f3n del PGOU, y se suma a la <strong>concentraci\u00f3n de protesta<\/strong> que tendr\u00e1 lugar en la <strong>plaza Mayor de Burgos<\/strong> el <strong>jueves 16 de enero<\/strong> a las <strong>19.30 horas<\/strong>.<!--more--><\/p>\n<p>El pr\u00f3ximo <strong>viernes 17 de enero de 2025<\/strong> se abordar\u00e1 en el pleno del ayuntamiento de Burgos la modificaci\u00f3n del <strong>Plan General de Ordenaci\u00f3n Urbana<\/strong> que permitir\u00e1 la edificaci\u00f3n de aparcamientos en altura en cualquier lugar de la ciudad. Un paso previo con el que el actual consistorio pretende llevar a cabo la construcci\u00f3n de dos aparcamientos en altura; uno en la <strong>calle Mar\u00eda Amigo en Gamonal<\/strong>, y otro m\u00e1s en la zona sur, <strong>frente al CEIP Sierra de Atapuerca y la Escuela Infantil \u201cLos Gigantillos\u201d.<\/strong><\/p>\n<p>Varias<strong> plataformas vecinales<\/strong> han convocado una <strong>concentraci\u00f3n de protesta en la plaza Mayor<\/strong> que tendr\u00e1 lugar el <strong>jueves 16 de enero a las 19:30 <\/strong>con la que quieren expresar su rechazo ante tal medida. Una iniciativa en la que estar\u00e1 tambi\u00e9n presente el <strong>Centro Social Recuperado de Gamonal<\/strong> como entidad que pretende fomentar la lucha vecinal y espacio social al que afecta la construcci\u00f3n del primero de los citados aparcamientos.<\/p>\n<p><img loading=\"lazy\" class=\"alignright wp-image-25300 \" src=\"http:\/\/diariodevurgos.com\/dvwps\/wp-content\/uploads\/2025\/01\/Concentracion-Plaza-Mayor-PGOU-724x1024.png\" alt=\"\" width=\"315\" height=\"446\" srcset=\"https:\/\/diariodevurgos.com\/dvwps\/wp-content\/uploads\/2025\/01\/Concentracion-Plaza-Mayor-PGOU-724x1024.png 724w, https:\/\/diariodevurgos.com\/dvwps\/wp-content\/uploads\/2025\/01\/Concentracion-Plaza-Mayor-PGOU-212x300.png 212w, https:\/\/diariodevurgos.com\/dvwps\/wp-content\/uploads\/2025\/01\/Concentracion-Plaza-Mayor-PGOU-768x1086.png 768w, https:\/\/diariodevurgos.com\/dvwps\/wp-content\/uploads\/2025\/01\/Concentracion-Plaza-Mayor-PGOU-1086x1536.png 1086w, https:\/\/diariodevurgos.com\/dvwps\/wp-content\/uploads\/2025\/01\/Concentracion-Plaza-Mayor-PGOU-370x523.png 370w, https:\/\/diariodevurgos.com\/dvwps\/wp-content\/uploads\/2025\/01\/Concentracion-Plaza-Mayor-PGOU.png 1131w\" sizes=\"(max-width: 315px) 100vw, 315px\" \/>Aprovechando la presente movilizaci\u00f3n, el <strong>CSR Gamonal<\/strong> quiere reiterar una vez m\u00e1s su postura de <strong>rechazo frontal frente a la construcci\u00f3n de aparcamientos en altura<\/strong>, ni en Gamonal ni en ninguna otra parte de la ciudad. As\u00ed mismo, se manifiesta igualmente en contra de otro tipo de alternativas barajadas, tales como la implantaci\u00f3n de la zona azul o naranja en el barrio, o la posibilidad de la construcci\u00f3n del aparcamiento subterr\u00e1neo en Mar\u00eda Amigo. Consideramos que se trata de posturas que, lejos de solucionar los problemas de aparcamiento que sufre el barrio, son maniobras de especulaci\u00f3n urban\u00edstica con la que sus promotores buscan obtener ingentes beneficios econ\u00f3micos.<\/p>\n<p>La presente concentraci\u00f3n contra los aparcamientos en altura coincide con el <strong>XI aniversario de la lucha contra el bulevar de Gamonal,<\/strong> un conflicto vecinal que puso de manifiesto que, frente a las imposiciones institucionales guiada por espurios intereses, <strong>la movilizaci\u00f3n popular constituye la herramienta b\u00e1sica<\/strong> que permite a los barrios empoderarse y no ser pisoteados por caciques y sus marionetas institucionales. \u00bfRepetiremos la misma historia m\u00e1s de una d\u00e9cada despu\u00e9s? El tiempo nos lo dir\u00e1.<\/p>\n<p><strong>\u00a1No a los aparcamientos en altura ni en Gamonal ni en ning\u00fan sitio!<\/strong><br \/>\n<strong>\u00a1No a la especulaci\u00f3n urban\u00edstica!<\/strong><br \/>\n<strong>\u00a1Por la lucha social y la movilizaci\u00f3n popular!<\/strong><\/p>\n<p style=\"text-align: right;\">Enero de 2025<br \/>\nCentro Social Recuperado de Gamonal<\/p>\n","protected":false},"excerpt":{"rendered":"<p>A trav\u00e9s de un comunicado publicado en su blog, el Centro Social Recuperado de Gamonal manifiesta su rechazo a la construcci\u00f3n de aparcamientos en altura en diversos lugares de la ciudad de Burgos, as\u00ed como a la modificaci\u00f3n del PGOU, y se suma a la concentraci\u00f3n de protesta que tendr\u00e1 lugar en la plaza Mayor&#8230;  <a href=\"https:\/\/diariodevurgos.com\/dvwps\/el-csr-gamonal-muestra-su-rechazo-a-los-aparcamientos-en-altura-y-a-la-modificacion-del-pgou.php\" class=\"more-link\" title=\"Read El CSR Gamonal muestra su rechazo a los aparcamientos en altura y a la modificaci\u00f3n del PGOU\">Read more &raquo;<\/a><\/p>\n","protected":false},"author":2,"featured_media":25300,"comment_status":"open","ping_status":"closed","sticky":false,"template":"","format":"standard","meta":[],"categories":[2,78,12,27,49,127],"tags":[],"_links":{"self":[{"href":"https:\/\/diariodevurgos.com\/dvwps\/wp-json\/wp\/v2\/posts\/25302"}],"collection":[{"href":"https:\/\/diariodevurgos.com\/dvwps\/wp-json\/wp\/v2\/posts"}],"about":[{"href":"https:\/\/diariodevurgos.com\/dvwps\/wp-json\/wp\/v2\/types\/post"}],"author":[{"embeddable":true,"href":"https:\/\/diariodevurgos.com\/dvwps\/wp-json\/wp\/v2\/users\/2"}],"replies":[{"embeddable":true,"href":"https:\/\/diariodevurgos.com\/dvwps\/wp-json\/wp\/v2\/comments?post=25302"}],"version-history":[{"count":1,"href":"https:\/\/diariodevurgos.com\/dvwps\/wp-json\/wp\/v2\/posts\/25302\/revisions"}],"predecessor-version":[{"id":25303,"href":"https:\/\/diariodevurgos.com\/dvwps\/wp-json\/wp\/v2\/posts\/25302\/revisions\/25303"}],"wp:featuredmedia":[{"embeddable":true,"href":"https:\/\/diariodevurgos.com\/dvwps\/wp-json\/wp\/v2\/media\/25300"}],"wp:attachment":[{"href":"https:\/\/diariodevurgos.com\/dvwps\/wp-json\/wp\/v2\/media?parent=25302"}],"wp:term":[{"taxonomy":"category","embeddable":true,"href":"https:\/\/diariodevurgos.com\/dvwps\/wp-json\/wp\/v2\/categories?post=25302"},{"taxonomy":"post_tag","embeddable":true,"href":"https:\/\/diariodevurgos.com\/dvwps\/wp-json\/wp\/v2\/tags?post=25302"}],"curies":[{"name":"wp","href":"https:\/\/api.w.org\/{rel}","templated":true}]}}