{"id":25319,"date":"2025-01-27T16:04:51","date_gmt":"2025-01-27T15:04:51","guid":{"rendered":"https:\/\/diariodevurgos.com\/dvwps\/?p=25319"},"modified":"2025-01-27T16:04:52","modified_gmt":"2025-01-27T15:04:52","slug":"fiestas-autogestionadas-de-las-candelas-2025-en-csr-gamonal","status":"publish","type":"post","link":"https:\/\/diariodevurgos.com\/dvwps\/fiestas-autogestionadas-de-las-candelas-2025-en-csr-gamonal.php","title":{"rendered":"Fiestas Autogestionadas de las Candelas 2025 en CSR Gamonal"},"content":{"rendered":"<p class=\"lead\">El <strong>s\u00e1bado 1 de febrero de 2025<\/strong> tendr\u00e1 lugar en el <a href=\"https:\/\/csrgamonal.ga\/2025\/01\/26\/fiestas-autogestionadas-de-las-candelas-2025\/\">Centro Social Recuperado de Gamonal<\/a> una nueva edici\u00f3n de las Fiestas Autogestionadas de las Candelas. Un evento que hunde sus ra\u00edces en 2014 cuando el ayuntamiento de Burgos cancel\u00f3 de forma unilateral las fiestas de las Candelas tras las protestas contra el bulevar y, gracias al apoyo y la movilizaci\u00f3n popular, est\u00e1s fueron sacadas adelante <a href=\"https:\/\/diariodevurgos.com\/dvwps\/la-auto-organizacion-saca-adelante-las-fiestas-de-las-candelas.php\">a trav\u00e9s de la autogesti\u00f3n.<\/a><\/p>\n<p>El programa de estas <strong>Fiestas Autogestionadas de las Candelas<\/strong> de este a\u00f1o cuenta con un amplio abanico de actividades orientadas a todos los p\u00fablicos que dar\u00e1 inicio el <strong>s\u00e1bado 1 de febrero<\/strong> a las 1<strong>2:00 horas<\/strong> con un espect\u00e1culo de magia a cargo del <strong>mago Luisan<\/strong>. Por la tarde, a partir de las <strong>20:00 horas<\/strong> tendremos la oportunidad de disfrutar de un mon\u00f3logo repleto del humor \u00e1cido y desbordante de <strong>Despotorre<\/strong>, el d\u00fao compuesto por las humoristas <strong>Ane Lindane<\/strong>, que repite presencia en el CSR, y <strong>Raquel Torres<\/strong>. La jornada se cerrar\u00e1 con un<strong> concierto de rap y Hip-hop<\/strong> a cargo de artistas locales como <strong>Zul\u00fa, Sanz, Soner, Mada, Kapo, King Austin, Delo Bel Kheir y el DJ Bailon Beats<\/strong><\/p>\n<p style=\"text-align: center;\"><img loading=\"lazy\" class=\"aligncenter wp-image-25325 \" src=\"http:\/\/diariodevurgos.com\/dvwps\/wp-content\/uploads\/2025\/01\/Fiestas-de-las-Candelas-2025-682x1024.jpeg\" alt=\"\" width=\"489\" height=\"734\" srcset=\"https:\/\/diariodevurgos.com\/dvwps\/wp-content\/uploads\/2025\/01\/Fiestas-de-las-Candelas-2025-682x1024.jpeg 682w, https:\/\/diariodevurgos.com\/dvwps\/wp-content\/uploads\/2025\/01\/Fiestas-de-las-Candelas-2025-200x300.jpeg 200w, https:\/\/diariodevurgos.com\/dvwps\/wp-content\/uploads\/2025\/01\/Fiestas-de-las-Candelas-2025-768x1153.jpeg 768w, https:\/\/diariodevurgos.com\/dvwps\/wp-content\/uploads\/2025\/01\/Fiestas-de-las-Candelas-2025-1023x1536.jpeg 1023w, https:\/\/diariodevurgos.com\/dvwps\/wp-content\/uploads\/2025\/01\/Fiestas-de-las-Candelas-2025-370x555.jpeg 370w, https:\/\/diariodevurgos.com\/dvwps\/wp-content\/uploads\/2025\/01\/Fiestas-de-las-Candelas-2025.jpeg 1066w\" sizes=\"(max-width: 489px) 100vw, 489px\" \/><\/p>\n","protected":false},"excerpt":{"rendered":"<p>El s\u00e1bado 1 de febrero de 2025 tendr\u00e1 lugar en el Centro Social Recuperado de Gamonal una nueva edici\u00f3n de las Fiestas Autogestionadas de las Candelas. Un evento que hunde sus ra\u00edces en 2014 cuando el ayuntamiento de Burgos cancel\u00f3 de forma unilateral las fiestas de las Candelas tras las protestas contra el bulevar y,&#8230;  <a href=\"https:\/\/diariodevurgos.com\/dvwps\/fiestas-autogestionadas-de-las-candelas-2025-en-csr-gamonal.php\" class=\"more-link\" title=\"Read Fiestas Autogestionadas de las Candelas 2025 en CSR Gamonal\">Read more &raquo;<\/a><\/p>\n","protected":false},"author":2,"featured_media":25325,"comment_status":"open","ping_status":"closed","sticky":false,"template":"","format":"standard","meta":[],"categories":[2,78,103,14,27,67],"tags":[],"_links":{"self":[{"href":"https:\/\/diariodevurgos.com\/dvwps\/wp-json\/wp\/v2\/posts\/25319"}],"collection":[{"href":"https:\/\/diariodevurgos.com\/dvwps\/wp-json\/wp\/v2\/posts"}],"about":[{"href":"https:\/\/diariodevurgos.com\/dvwps\/wp-json\/wp\/v2\/types\/post"}],"author":[{"embeddable":true,"href":"https:\/\/diariodevurgos.com\/dvwps\/wp-json\/wp\/v2\/users\/2"}],"replies":[{"embeddable":true,"href":"https:\/\/diariodevurgos.com\/dvwps\/wp-json\/wp\/v2\/comments?post=25319"}],"version-history":[{"count":2,"href":"https:\/\/diariodevurgos.com\/dvwps\/wp-json\/wp\/v2\/posts\/25319\/revisions"}],"predecessor-version":[{"id":25326,"href":"https:\/\/diariodevurgos.com\/dvwps\/wp-json\/wp\/v2\/posts\/25319\/revisions\/25326"}],"wp:featuredmedia":[{"embeddable":true,"href":"https:\/\/diariodevurgos.com\/dvwps\/wp-json\/wp\/v2\/media\/25325"}],"wp:attachment":[{"href":"https:\/\/diariodevurgos.com\/dvwps\/wp-json\/wp\/v2\/media?parent=25319"}],"wp:term":[{"taxonomy":"category","embeddable":true,"href":"https:\/\/diariodevurgos.com\/dvwps\/wp-json\/wp\/v2\/categories?post=25319"},{"taxonomy":"post_tag","embeddable":true,"href":"https:\/\/diariodevurgos.com\/dvwps\/wp-json\/wp\/v2\/tags?post=25319"}],"curies":[{"name":"wp","href":"https:\/\/api.w.org\/{rel}","templated":true}]}}