{"id":25338,"date":"2025-02-03T06:26:22","date_gmt":"2025-02-03T05:26:22","guid":{"rendered":"https:\/\/diariodevurgos.com\/dvwps\/?p=25338"},"modified":"2025-02-03T06:26:23","modified_gmt":"2025-02-03T05:26:23","slug":"presentacion-del-libro-el-eco-del-silencio","status":"publish","type":"post","link":"https:\/\/diariodevurgos.com\/dvwps\/presentacion-del-libro-el-eco-del-silencio.php","title":{"rendered":"Presentaci\u00f3n del libro \u201cEl eco del silencio\u201d"},"content":{"rendered":"<p class=\"lead\">El pr\u00f3ximo <strong>s\u00e1bado 8 de febrero<\/strong> la <strong>Biblioteca La Maldita<\/strong> acoger\u00e1 la presentaci\u00f3n de <em>El eco del silencio,<\/em> una obra novela publicada por la <strong>editorial Cimarr\u00f3n<\/strong>. La iniciativa dar\u00e1 comienzo a partir de las 19<strong>:00 horas<\/strong> y contar\u00e1 con la presencia de <strong>Pablo Bastida G\u00f3mez<\/strong>, autor de la obra.<\/p>\n<p style=\"text-align: center;\"><img loading=\"lazy\" class=\"aligncenter wp-image-25339 size-large\" src=\"http:\/\/diariodevurgos.com\/dvwps\/wp-content\/uploads\/2025\/02\/Presentacion-El-eco-del-silencio-707x1024.jpeg\" alt=\"\" width=\"580\" height=\"840\" srcset=\"https:\/\/diariodevurgos.com\/dvwps\/wp-content\/uploads\/2025\/02\/Presentacion-El-eco-del-silencio-707x1024.jpeg 707w, https:\/\/diariodevurgos.com\/dvwps\/wp-content\/uploads\/2025\/02\/Presentacion-El-eco-del-silencio-207x300.jpeg 207w, https:\/\/diariodevurgos.com\/dvwps\/wp-content\/uploads\/2025\/02\/Presentacion-El-eco-del-silencio-370x536.jpeg 370w, https:\/\/diariodevurgos.com\/dvwps\/wp-content\/uploads\/2025\/02\/Presentacion-El-eco-del-silencio.jpeg 750w\" sizes=\"(max-width: 580px) 100vw, 580px\" \/><\/p>\n","protected":false},"excerpt":{"rendered":"<p>El pr\u00f3ximo s\u00e1bado 8 de febrero la Biblioteca La Maldita acoger\u00e1 la presentaci\u00f3n de El eco del silencio, una obra novela publicada por la editorial Cimarr\u00f3n. La iniciativa dar\u00e1 comienzo a partir de las 19:00 horas y contar\u00e1 con la presencia de Pablo Bastida G\u00f3mez, autor de la obra.<\/p>\n","protected":false},"author":2,"featured_media":25339,"comment_status":"open","ping_status":"closed","sticky":false,"template":"","format":"standard","meta":[],"categories":[2,103,14,30,8],"tags":[],"_links":{"self":[{"href":"https:\/\/diariodevurgos.com\/dvwps\/wp-json\/wp\/v2\/posts\/25338"}],"collection":[{"href":"https:\/\/diariodevurgos.com\/dvwps\/wp-json\/wp\/v2\/posts"}],"about":[{"href":"https:\/\/diariodevurgos.com\/dvwps\/wp-json\/wp\/v2\/types\/post"}],"author":[{"embeddable":true,"href":"https:\/\/diariodevurgos.com\/dvwps\/wp-json\/wp\/v2\/users\/2"}],"replies":[{"embeddable":true,"href":"https:\/\/diariodevurgos.com\/dvwps\/wp-json\/wp\/v2\/comments?post=25338"}],"version-history":[{"count":1,"href":"https:\/\/diariodevurgos.com\/dvwps\/wp-json\/wp\/v2\/posts\/25338\/revisions"}],"predecessor-version":[{"id":25340,"href":"https:\/\/diariodevurgos.com\/dvwps\/wp-json\/wp\/v2\/posts\/25338\/revisions\/25340"}],"wp:featuredmedia":[{"embeddable":true,"href":"https:\/\/diariodevurgos.com\/dvwps\/wp-json\/wp\/v2\/media\/25339"}],"wp:attachment":[{"href":"https:\/\/diariodevurgos.com\/dvwps\/wp-json\/wp\/v2\/media?parent=25338"}],"wp:term":[{"taxonomy":"category","embeddable":true,"href":"https:\/\/diariodevurgos.com\/dvwps\/wp-json\/wp\/v2\/categories?post=25338"},{"taxonomy":"post_tag","embeddable":true,"href":"https:\/\/diariodevurgos.com\/dvwps\/wp-json\/wp\/v2\/tags?post=25338"}],"curies":[{"name":"wp","href":"https:\/\/api.w.org\/{rel}","templated":true}]}}