{"id":25341,"date":"2025-02-04T07:05:01","date_gmt":"2025-02-04T06:05:01","guid":{"rendered":"https:\/\/diariodevurgos.com\/dvwps\/?p=25341"},"modified":"2025-02-04T07:05:03","modified_gmt":"2025-02-04T06:05:03","slug":"jornadas-de-contramemoria-punk-y-feminismo","status":"publish","type":"post","link":"https:\/\/diariodevurgos.com\/dvwps\/jornadas-de-contramemoria-punk-y-feminismo.php","title":{"rendered":"Jornadas de contramemoria: punk y feminismo"},"content":{"rendered":"<p class=\"lead\">Desde E<strong>spacio Seguro<\/strong> y <strong>Orgullosamente Combatives<\/strong> se organiza una jornada para el <strong>mi\u00e9rcoles 5 de<\/strong> <strong>febrero<\/strong> que tendr\u00e1 lugar en <strong>Espacio tangente<\/strong> en la que se incluye la presentaci\u00f3n del libro <em>Contramemoria. M\u00e1s de cuatro d\u00e9cadas de punkis y feministas<\/em>\u00a0de <strong>Maritxu Alonso<\/strong>, a las <strong>18:30<\/strong> y un taller de collage, a las <strong>20.00 horas<\/strong> dirigido por la misma autora.<\/p>\n<p style=\"text-align: center;\"><img loading=\"lazy\" class=\"aligncenter wp-image-25342 \" src=\"http:\/\/diariodevurgos.com\/dvwps\/wp-content\/uploads\/2025\/02\/Jornadas-Contramemoria-819x1024.jpg\" alt=\"\" width=\"548\" height=\"685\" srcset=\"https:\/\/diariodevurgos.com\/dvwps\/wp-content\/uploads\/2025\/02\/Jornadas-Contramemoria-819x1024.jpg 819w, https:\/\/diariodevurgos.com\/dvwps\/wp-content\/uploads\/2025\/02\/Jornadas-Contramemoria-240x300.jpg 240w, https:\/\/diariodevurgos.com\/dvwps\/wp-content\/uploads\/2025\/02\/Jornadas-Contramemoria-768x960.jpg 768w, https:\/\/diariodevurgos.com\/dvwps\/wp-content\/uploads\/2025\/02\/Jornadas-Contramemoria-370x463.jpg 370w, https:\/\/diariodevurgos.com\/dvwps\/wp-content\/uploads\/2025\/02\/Jornadas-Contramemoria.jpg 1080w\" sizes=\"(max-width: 548px) 100vw, 548px\" \/><\/p>\n","protected":false},"excerpt":{"rendered":"<p>Desde Espacio Seguro y Orgullosamente Combatives se organiza una jornada para el mi\u00e9rcoles 5 de febrero que tendr\u00e1 lugar en Espacio tangente en la que se incluye la presentaci\u00f3n del libro Contramemoria. M\u00e1s de cuatro d\u00e9cadas de punkis y feministas\u00a0de Maritxu Alonso, a las 18:30 y un taller de collage, a las 20.00 horas dirigido&#8230;  <a href=\"https:\/\/diariodevurgos.com\/dvwps\/jornadas-de-contramemoria-punk-y-feminismo.php\" class=\"more-link\" title=\"Read Jornadas de contramemoria: punk y feminismo\">Read more &raquo;<\/a><\/p>\n","protected":false},"author":2,"featured_media":25342,"comment_status":"open","ping_status":"closed","sticky":false,"template":"","format":"standard","meta":[],"categories":[2,14,6,114,30,8],"tags":[],"_links":{"self":[{"href":"https:\/\/diariodevurgos.com\/dvwps\/wp-json\/wp\/v2\/posts\/25341"}],"collection":[{"href":"https:\/\/diariodevurgos.com\/dvwps\/wp-json\/wp\/v2\/posts"}],"about":[{"href":"https:\/\/diariodevurgos.com\/dvwps\/wp-json\/wp\/v2\/types\/post"}],"author":[{"embeddable":true,"href":"https:\/\/diariodevurgos.com\/dvwps\/wp-json\/wp\/v2\/users\/2"}],"replies":[{"embeddable":true,"href":"https:\/\/diariodevurgos.com\/dvwps\/wp-json\/wp\/v2\/comments?post=25341"}],"version-history":[{"count":1,"href":"https:\/\/diariodevurgos.com\/dvwps\/wp-json\/wp\/v2\/posts\/25341\/revisions"}],"predecessor-version":[{"id":25343,"href":"https:\/\/diariodevurgos.com\/dvwps\/wp-json\/wp\/v2\/posts\/25341\/revisions\/25343"}],"wp:featuredmedia":[{"embeddable":true,"href":"https:\/\/diariodevurgos.com\/dvwps\/wp-json\/wp\/v2\/media\/25342"}],"wp:attachment":[{"href":"https:\/\/diariodevurgos.com\/dvwps\/wp-json\/wp\/v2\/media?parent=25341"}],"wp:term":[{"taxonomy":"category","embeddable":true,"href":"https:\/\/diariodevurgos.com\/dvwps\/wp-json\/wp\/v2\/categories?post=25341"},{"taxonomy":"post_tag","embeddable":true,"href":"https:\/\/diariodevurgos.com\/dvwps\/wp-json\/wp\/v2\/tags?post=25341"}],"curies":[{"name":"wp","href":"https:\/\/api.w.org\/{rel}","templated":true}]}}