{"id":25344,"date":"2025-02-04T07:15:55","date_gmt":"2025-02-04T06:15:55","guid":{"rendered":"https:\/\/diariodevurgos.com\/dvwps\/?p=25344"},"modified":"2025-02-04T07:16:56","modified_gmt":"2025-02-04T06:16:56","slug":"presentacion-de-los-amigos-x","status":"publish","type":"post","link":"https:\/\/diariodevurgos.com\/dvwps\/presentacion-de-los-amigos-x.php","title":{"rendered":"Presentaci\u00f3n de \u201cLos amigos X\u201d"},"content":{"rendered":"<p class=\"lead\">El pr\u00f3ximo <strong>viernes 8 de febrero<\/strong> la <strong>Biblioteca La Maldita<\/strong> acoge la presentaci\u00f3n de <a href=\"https:\/\/fal.cnt.es\/producto\/los-amigos-x\/\"><em>Los amigos X. La industria de guerra en Valencia (1936-1939)<\/em><\/a> como primera ponencia dentro del marco de la<strong>s Jornadas por la Memoria Hist\u00f3rica Libertaria<\/strong> organizadas conjuntamente con <strong>CNT Burgos<\/strong>. La presentaci\u00f3n, que dar\u00e1 comienzo a las <strong>20:00 horas<\/strong>, contar\u00e1 con la presencia del historiador <strong>Benjam\u00edn Lajo,<\/strong> coautor de la obra.<\/p>\n<p style=\"text-align: center;\"><img loading=\"lazy\" class=\"aligncenter wp-image-25345 \" src=\"http:\/\/diariodevurgos.com\/dvwps\/wp-content\/uploads\/2025\/02\/Presentacion-Amigos-X-724x1024.jpeg\" alt=\"\" width=\"511\" height=\"722\" srcset=\"https:\/\/diariodevurgos.com\/dvwps\/wp-content\/uploads\/2025\/02\/Presentacion-Amigos-X-724x1024.jpeg 724w, https:\/\/diariodevurgos.com\/dvwps\/wp-content\/uploads\/2025\/02\/Presentacion-Amigos-X-212x300.jpeg 212w, https:\/\/diariodevurgos.com\/dvwps\/wp-content\/uploads\/2025\/02\/Presentacion-Amigos-X-768x1086.jpeg 768w, https:\/\/diariodevurgos.com\/dvwps\/wp-content\/uploads\/2025\/02\/Presentacion-Amigos-X-1086x1536.jpeg 1086w, https:\/\/diariodevurgos.com\/dvwps\/wp-content\/uploads\/2025\/02\/Presentacion-Amigos-X-370x523.jpeg 370w, https:\/\/diariodevurgos.com\/dvwps\/wp-content\/uploads\/2025\/02\/Presentacion-Amigos-X.jpeg 1131w\" sizes=\"(max-width: 511px) 100vw, 511px\" \/><\/p>\n","protected":false},"excerpt":{"rendered":"<p>El pr\u00f3ximo viernes 8 de febrero la Biblioteca La Maldita acoge la presentaci\u00f3n de Los amigos X. La industria de guerra en Valencia (1936-1939) como primera ponencia dentro del marco de las Jornadas por la Memoria Hist\u00f3rica Libertaria organizadas conjuntamente con CNT Burgos. La presentaci\u00f3n, que dar\u00e1 comienzo a las 20:00 horas, contar\u00e1 con la&#8230;  <a href=\"https:\/\/diariodevurgos.com\/dvwps\/presentacion-de-los-amigos-x.php\" class=\"more-link\" title=\"Read Presentaci\u00f3n de \u201cLos amigos X\u201d\">Read more &raquo;<\/a><\/p>\n","protected":false},"author":2,"featured_media":25345,"comment_status":"open","ping_status":"closed","sticky":false,"template":"","format":"standard","meta":[],"categories":[112,2,91,14,27,6,47,8],"tags":[],"_links":{"self":[{"href":"https:\/\/diariodevurgos.com\/dvwps\/wp-json\/wp\/v2\/posts\/25344"}],"collection":[{"href":"https:\/\/diariodevurgos.com\/dvwps\/wp-json\/wp\/v2\/posts"}],"about":[{"href":"https:\/\/diariodevurgos.com\/dvwps\/wp-json\/wp\/v2\/types\/post"}],"author":[{"embeddable":true,"href":"https:\/\/diariodevurgos.com\/dvwps\/wp-json\/wp\/v2\/users\/2"}],"replies":[{"embeddable":true,"href":"https:\/\/diariodevurgos.com\/dvwps\/wp-json\/wp\/v2\/comments?post=25344"}],"version-history":[{"count":2,"href":"https:\/\/diariodevurgos.com\/dvwps\/wp-json\/wp\/v2\/posts\/25344\/revisions"}],"predecessor-version":[{"id":25347,"href":"https:\/\/diariodevurgos.com\/dvwps\/wp-json\/wp\/v2\/posts\/25344\/revisions\/25347"}],"wp:featuredmedia":[{"embeddable":true,"href":"https:\/\/diariodevurgos.com\/dvwps\/wp-json\/wp\/v2\/media\/25345"}],"wp:attachment":[{"href":"https:\/\/diariodevurgos.com\/dvwps\/wp-json\/wp\/v2\/media?parent=25344"}],"wp:term":[{"taxonomy":"category","embeddable":true,"href":"https:\/\/diariodevurgos.com\/dvwps\/wp-json\/wp\/v2\/categories?post=25344"},{"taxonomy":"post_tag","embeddable":true,"href":"https:\/\/diariodevurgos.com\/dvwps\/wp-json\/wp\/v2\/tags?post=25344"}],"curies":[{"name":"wp","href":"https:\/\/api.w.org\/{rel}","templated":true}]}}