{"id":25348,"date":"2025-02-14T07:04:07","date_gmt":"2025-02-14T06:04:07","guid":{"rendered":"https:\/\/diariodevurgos.com\/dvwps\/?p=25348"},"modified":"2025-02-14T07:04:08","modified_gmt":"2025-02-14T06:04:08","slug":"presentacion-de-entre-rejas-y-otros-episodios-antiautoritarios","status":"publish","type":"post","link":"https:\/\/diariodevurgos.com\/dvwps\/presentacion-de-entre-rejas-y-otros-episodios-antiautoritarios.php","title":{"rendered":"Presentaci\u00f3n de \u201cEntre rejas y otros episodios antiautoritarios\u201d"},"content":{"rendered":"<p class=\"lead\">El pr\u00f3ximo <strong>viernes 21 de febrero<\/strong>, la <strong>Biblioteca Anarquista La Maldita<\/strong> acoger\u00e1 la presentaci\u00f3n del libro <a href=\"https:\/\/www.txalaparta.eus\/es\/libros\/entre-rejas-y-otros-episodios-antiautoritarios?srsltid=AfmBOooRVDOH29mFXDX4aFYeTyvd8kV-Oo0S_HHT4ytQ_S7ribTT-Uom\"><em>Entre rejas y otros episodios antiautoritarios<\/em><\/a>, obra que recopila tres relatos con una clara esencia antiautoritaria en com\u00fan y narrados de manera \u00e1gil y tan necesario en un momento contrarrevolucionario como el que vivimos. La presentaci\u00f3n, que dar\u00e1 comienzo a partir de las <strong>19:00 horas<\/strong>, correr\u00e1 a cargo de <strong>Emilio Peroti<\/strong>, autor de este libro que nos muestra personajes que atraviesan situaciones de gran lucidez y pasi\u00f3n que nos demuestran que la rebeli\u00f3n forma parte de la esencia del ser humano.<\/p>\n<p style=\"text-align: center;\"><img loading=\"lazy\" class=\"aligncenter wp-image-25349 \" src=\"http:\/\/diariodevurgos.com\/dvwps\/wp-content\/uploads\/2025\/02\/Presentacion-Entre-rejas-Biblio-724x1024.jpeg\" alt=\"\" width=\"511\" height=\"723\" srcset=\"https:\/\/diariodevurgos.com\/dvwps\/wp-content\/uploads\/2025\/02\/Presentacion-Entre-rejas-Biblio-724x1024.jpeg 724w, https:\/\/diariodevurgos.com\/dvwps\/wp-content\/uploads\/2025\/02\/Presentacion-Entre-rejas-Biblio-212x300.jpeg 212w, https:\/\/diariodevurgos.com\/dvwps\/wp-content\/uploads\/2025\/02\/Presentacion-Entre-rejas-Biblio-768x1086.jpeg 768w, https:\/\/diariodevurgos.com\/dvwps\/wp-content\/uploads\/2025\/02\/Presentacion-Entre-rejas-Biblio-1086x1536.jpeg 1086w, https:\/\/diariodevurgos.com\/dvwps\/wp-content\/uploads\/2025\/02\/Presentacion-Entre-rejas-Biblio-370x523.jpeg 370w, https:\/\/diariodevurgos.com\/dvwps\/wp-content\/uploads\/2025\/02\/Presentacion-Entre-rejas-Biblio.jpeg 1131w\" sizes=\"(max-width: 511px) 100vw, 511px\" \/><\/p>\n","protected":false},"excerpt":{"rendered":"<p>El pr\u00f3ximo viernes 21 de febrero, la Biblioteca Anarquista La Maldita acoger\u00e1 la presentaci\u00f3n del libro Entre rejas y otros episodios antiautoritarios, obra que recopila tres relatos con una clara esencia antiautoritaria en com\u00fan y narrados de manera \u00e1gil y tan necesario en un momento contrarrevolucionario como el que vivimos. La presentaci\u00f3n, que dar\u00e1 comienzo&#8230;  <a href=\"https:\/\/diariodevurgos.com\/dvwps\/presentacion-de-entre-rejas-y-otros-episodios-antiautoritarios.php\" class=\"more-link\" title=\"Read Presentaci\u00f3n de \u201cEntre rejas y otros episodios antiautoritarios\u201d\">Read more &raquo;<\/a><\/p>\n","protected":false},"author":2,"featured_media":25349,"comment_status":"open","ping_status":"closed","sticky":false,"template":"","format":"standard","meta":[],"categories":[112,2,103,14,27,6,47,30,79,8],"tags":[],"_links":{"self":[{"href":"https:\/\/diariodevurgos.com\/dvwps\/wp-json\/wp\/v2\/posts\/25348"}],"collection":[{"href":"https:\/\/diariodevurgos.com\/dvwps\/wp-json\/wp\/v2\/posts"}],"about":[{"href":"https:\/\/diariodevurgos.com\/dvwps\/wp-json\/wp\/v2\/types\/post"}],"author":[{"embeddable":true,"href":"https:\/\/diariodevurgos.com\/dvwps\/wp-json\/wp\/v2\/users\/2"}],"replies":[{"embeddable":true,"href":"https:\/\/diariodevurgos.com\/dvwps\/wp-json\/wp\/v2\/comments?post=25348"}],"version-history":[{"count":1,"href":"https:\/\/diariodevurgos.com\/dvwps\/wp-json\/wp\/v2\/posts\/25348\/revisions"}],"predecessor-version":[{"id":25350,"href":"https:\/\/diariodevurgos.com\/dvwps\/wp-json\/wp\/v2\/posts\/25348\/revisions\/25350"}],"wp:featuredmedia":[{"embeddable":true,"href":"https:\/\/diariodevurgos.com\/dvwps\/wp-json\/wp\/v2\/media\/25349"}],"wp:attachment":[{"href":"https:\/\/diariodevurgos.com\/dvwps\/wp-json\/wp\/v2\/media?parent=25348"}],"wp:term":[{"taxonomy":"category","embeddable":true,"href":"https:\/\/diariodevurgos.com\/dvwps\/wp-json\/wp\/v2\/categories?post=25348"},{"taxonomy":"post_tag","embeddable":true,"href":"https:\/\/diariodevurgos.com\/dvwps\/wp-json\/wp\/v2\/tags?post=25348"}],"curies":[{"name":"wp","href":"https:\/\/api.w.org\/{rel}","templated":true}]}}