{"id":25351,"date":"2025-02-14T07:13:28","date_gmt":"2025-02-14T06:13:28","guid":{"rendered":"https:\/\/diariodevurgos.com\/dvwps\/?p=25351"},"modified":"2025-02-14T07:13:29","modified_gmt":"2025-02-14T06:13:29","slug":"presentacion-de-el-movimiento-libertario-espanol-visto-por-la-policia-franquista","status":"publish","type":"post","link":"https:\/\/diariodevurgos.com\/dvwps\/presentacion-de-el-movimiento-libertario-espanol-visto-por-la-policia-franquista.php","title":{"rendered":"Presentaci\u00f3n de \u201cEl Movimiento Libertario Espa\u00f1ol visto por la polic\u00eda franquista\u201d"},"content":{"rendered":"<p class=\"lead\">El <strong>pr\u00f3ximo s\u00e1bado 22 de febrero<\/strong>, y continuando con las <strong>Jornadas por la Memoria Hist\u00f3rica Libertaria<\/strong>, se presentar\u00e1 en la sede de <strong>CNT Burgos<\/strong> el libro <a href=\"https:\/\/fal.cnt.es\/producto\/el-movimiento-libertario-espanol-visto-por-la-policia-franquista\/\"><em>El Movimiento Libertario Espa\u00f1ol visto por la polic\u00eda franquista<\/em>.<\/a> La iniciativa, que surge como colaboraci\u00f3n entre la <strong>Biblioteca La Maldita<\/strong> y el sindicato <strong>CNT<\/strong>, dar\u00e1 comienzo a las <strong>19:00 horas<\/strong>, contar\u00e1 con la presencia de <strong>Francisco Xabier Redondo<\/strong>, historiador que ha buceado en la documentaci\u00f3n de la Brigada Pol\u00edtico-Social de la polic\u00eda franquista y nos presenta una obra tristemente cargada de actualidad.<\/p>\n<p style=\"text-align: center;\"><img loading=\"lazy\" class=\"aligncenter wp-image-25352 \" src=\"http:\/\/diariodevurgos.com\/dvwps\/wp-content\/uploads\/2025\/02\/Presentacion-MLE-724x1024.jpeg\" alt=\"\" width=\"423\" height=\"599\" srcset=\"https:\/\/diariodevurgos.com\/dvwps\/wp-content\/uploads\/2025\/02\/Presentacion-MLE-724x1024.jpeg 724w, https:\/\/diariodevurgos.com\/dvwps\/wp-content\/uploads\/2025\/02\/Presentacion-MLE-212x300.jpeg 212w, https:\/\/diariodevurgos.com\/dvwps\/wp-content\/uploads\/2025\/02\/Presentacion-MLE-768x1086.jpeg 768w, https:\/\/diariodevurgos.com\/dvwps\/wp-content\/uploads\/2025\/02\/Presentacion-MLE-1086x1536.jpeg 1086w, https:\/\/diariodevurgos.com\/dvwps\/wp-content\/uploads\/2025\/02\/Presentacion-MLE-370x523.jpeg 370w, https:\/\/diariodevurgos.com\/dvwps\/wp-content\/uploads\/2025\/02\/Presentacion-MLE.jpeg 1131w\" sizes=\"(max-width: 423px) 100vw, 423px\" \/><\/p>\n","protected":false},"excerpt":{"rendered":"<p>El pr\u00f3ximo s\u00e1bado 22 de febrero, y continuando con las Jornadas por la Memoria Hist\u00f3rica Libertaria, se presentar\u00e1 en la sede de CNT Burgos el libro El Movimiento Libertario Espa\u00f1ol visto por la polic\u00eda franquista. La iniciativa, que surge como colaboraci\u00f3n entre la Biblioteca La Maldita y el sindicato CNT, dar\u00e1 comienzo a las 19:00&#8230;  <a href=\"https:\/\/diariodevurgos.com\/dvwps\/presentacion-de-el-movimiento-libertario-espanol-visto-por-la-policia-franquista.php\" class=\"more-link\" title=\"Read Presentaci\u00f3n de \u201cEl Movimiento Libertario Espa\u00f1ol visto por la polic\u00eda franquista\u201d\">Read more &raquo;<\/a><\/p>\n","protected":false},"author":2,"featured_media":25352,"comment_status":"open","ping_status":"closed","sticky":false,"template":"","format":"standard","meta":[],"categories":[112,2,14,6,97,71,8],"tags":[],"_links":{"self":[{"href":"https:\/\/diariodevurgos.com\/dvwps\/wp-json\/wp\/v2\/posts\/25351"}],"collection":[{"href":"https:\/\/diariodevurgos.com\/dvwps\/wp-json\/wp\/v2\/posts"}],"about":[{"href":"https:\/\/diariodevurgos.com\/dvwps\/wp-json\/wp\/v2\/types\/post"}],"author":[{"embeddable":true,"href":"https:\/\/diariodevurgos.com\/dvwps\/wp-json\/wp\/v2\/users\/2"}],"replies":[{"embeddable":true,"href":"https:\/\/diariodevurgos.com\/dvwps\/wp-json\/wp\/v2\/comments?post=25351"}],"version-history":[{"count":2,"href":"https:\/\/diariodevurgos.com\/dvwps\/wp-json\/wp\/v2\/posts\/25351\/revisions"}],"predecessor-version":[{"id":25354,"href":"https:\/\/diariodevurgos.com\/dvwps\/wp-json\/wp\/v2\/posts\/25351\/revisions\/25354"}],"wp:featuredmedia":[{"embeddable":true,"href":"https:\/\/diariodevurgos.com\/dvwps\/wp-json\/wp\/v2\/media\/25352"}],"wp:attachment":[{"href":"https:\/\/diariodevurgos.com\/dvwps\/wp-json\/wp\/v2\/media?parent=25351"}],"wp:term":[{"taxonomy":"category","embeddable":true,"href":"https:\/\/diariodevurgos.com\/dvwps\/wp-json\/wp\/v2\/categories?post=25351"},{"taxonomy":"post_tag","embeddable":true,"href":"https:\/\/diariodevurgos.com\/dvwps\/wp-json\/wp\/v2\/tags?post=25351"}],"curies":[{"name":"wp","href":"https:\/\/api.w.org\/{rel}","templated":true}]}}