{"id":25376,"date":"2025-03-02T08:17:08","date_gmt":"2025-03-02T07:17:08","guid":{"rendered":"https:\/\/diariodevurgos.com\/dvwps\/?p=25376"},"modified":"2025-03-02T08:17:09","modified_gmt":"2025-03-02T07:17:09","slug":"el-csr-gamonal-inicia-una-campana-informativa-para-salvar-el-parque-buenavista","status":"publish","type":"post","link":"https:\/\/diariodevurgos.com\/dvwps\/el-csr-gamonal-inicia-una-campana-informativa-para-salvar-el-parque-buenavista.php","title":{"rendered":"El CSR Gamonal inicia una campa\u00f1a informativa para salvar el parque Buenavista"},"content":{"rendered":"<p class=\"lead\">A trav\u00e9s de un comunicado publicado <a href=\"https:\/\/csrgamonal.ga\/2025\/03\/01\/defendamos-el-parque-buenavista-la-lucha-continua\/\">en su web<\/a>, el <strong>Centro Social Recuperado de Gamonal<\/strong> ha comenzado una campa\u00f1a informativa para tratar de alertar de los peligros que encierra la construcci\u00f3n de un parking subterr\u00e1neo bajo el parque Buenavista, una de las pocas zonas verdes con las que cuenta el barrio de Gamonal.<!--more--><\/p>\n<p>Tras el acuerdo alcanzado entre el ayuntamiento de Burgos y la Plataforma Mar\u00eda Amigo, en el que se descartaba la construcci\u00f3n de un parking en altura en dicha calle del barrio de Gamonal, pero se establec\u00eda la posibilidad de <strong>construir un aparcamiento subterr\u00e1neo bajo el parque Buenavista<\/strong>, han comenzado ha surgir ya las primeras voces disidentes. Entre ellas, la del Centro Social Recuperado de Gamonal, quien, a trav\u00e9s de <a href=\"https:\/\/csrgamonal.ga\/2025\/03\/01\/defendamos-el-parque-buenavista-la-lucha-continua\/\">un comunicado publicado en su web,<\/a> hace p\u00fablico su rechazo ante dicho proyecto y expone las razones que le llevan a iniciar una nueva protesta vecinal.<\/p>\n<p><img loading=\"lazy\" class=\"alignleft wp-image-25377 \" src=\"http:\/\/diariodevurgos.com\/dvwps\/wp-content\/uploads\/2025\/03\/Pegatina-Parque-Buenavista-998x1024.png\" alt=\"\" width=\"308\" height=\"316\" srcset=\"https:\/\/diariodevurgos.com\/dvwps\/wp-content\/uploads\/2025\/03\/Pegatina-Parque-Buenavista-998x1024.png 998w, https:\/\/diariodevurgos.com\/dvwps\/wp-content\/uploads\/2025\/03\/Pegatina-Parque-Buenavista-292x300.png 292w, https:\/\/diariodevurgos.com\/dvwps\/wp-content\/uploads\/2025\/03\/Pegatina-Parque-Buenavista-768x788.png 768w, https:\/\/diariodevurgos.com\/dvwps\/wp-content\/uploads\/2025\/03\/Pegatina-Parque-Buenavista-370x380.png 370w, https:\/\/diariodevurgos.com\/dvwps\/wp-content\/uploads\/2025\/03\/Pegatina-Parque-Buenavista.png 1384w\" sizes=\"(max-width: 308px) 100vw, 308px\" \/>Entre los argumentos aportados, el CSR se\u00f1ala que una de las pocas zonas verdes con las que cuenta el barrio no puede ser utilizada como moneda de cambio para evitar la construcci\u00f3n del parking en altura, adem\u00e1s rechaza el proyecto de la introducci\u00f3n de la ORA en Gamonal y la especulaci\u00f3n con el suelo p\u00fablico. As\u00ed mismo se\u00f1ala que, <strong>el acuerdo alcanzado entre la plataforma y ayuntamiento nos es representativo de ning\u00fan consenso<\/strong> ya que el tramo final de las negociaciones entre ambas entidades se ha llevado a cabo sin consultar el sentir de los vecinos. Una realidad, seg\u00fan explica el CSR, que ha ocasionado que el conflicto vecinal se haya cerrado en falso, situaci\u00f3n que se hace evidente ante las numerosas voces de rechazo que han surgido tras conocerse el nuevo proyecto de aparcamiento subterr\u00e1neo bajo el parque.<\/p>\n<p>As\u00ed mismo, el centro social <strong>plantea la necesidad de crear una asamblea vecinal<\/strong> que articule la oposici\u00f3n frente a dicho proyecto y no descarta futuras movilizaciones en defensa de un espacio verde que, al igual que el parque F\u00e9lix Rodr\u00edguez de la Fuente, tantos esfuerzos y movilizaciones exigi\u00f3 al movimiento vecinal a lo largo de la historia de Gamonal.<\/p>\n<img loading=\"lazy\" class=\"aligncenter wp-image-25378 \" src=\"http:\/\/diariodevurgos.com\/dvwps\/wp-content\/uploads\/2025\/03\/Cartel-parque-Buenavista-web-724x1024.jpg\" alt=\"\" width=\"456\" height=\"645\" srcset=\"https:\/\/diariodevurgos.com\/dvwps\/wp-content\/uploads\/2025\/03\/Cartel-parque-Buenavista-web-724x1024.jpg 724w, https:\/\/diariodevurgos.com\/dvwps\/wp-content\/uploads\/2025\/03\/Cartel-parque-Buenavista-web-212x300.jpg 212w, https:\/\/diariodevurgos.com\/dvwps\/wp-content\/uploads\/2025\/03\/Cartel-parque-Buenavista-web-768x1086.jpg 768w, https:\/\/diariodevurgos.com\/dvwps\/wp-content\/uploads\/2025\/03\/Cartel-parque-Buenavista-web-1086x1536.jpg 1086w, https:\/\/diariodevurgos.com\/dvwps\/wp-content\/uploads\/2025\/03\/Cartel-parque-Buenavista-web-1448x2048.jpg 1448w, https:\/\/diariodevurgos.com\/dvwps\/wp-content\/uploads\/2025\/03\/Cartel-parque-Buenavista-web-370x523.jpg 370w, https:\/\/diariodevurgos.com\/dvwps\/wp-content\/uploads\/2025\/03\/Cartel-parque-Buenavista-web.jpg 1754w\" sizes=\"(max-width: 456px) 100vw, 456px\" \/>\n","protected":false},"excerpt":{"rendered":"<p>A trav\u00e9s de un comunicado publicado en su web, el Centro Social Recuperado de Gamonal ha comenzado una campa\u00f1a informativa para tratar de alertar de los peligros que encierra la construcci\u00f3n de un parking subterr\u00e1neo bajo el parque Buenavista, una de las pocas zonas verdes con las que cuenta el barrio de Gamonal.<\/p>\n","protected":false},"author":2,"featured_media":25377,"comment_status":"open","ping_status":"closed","sticky":false,"template":"","format":"standard","meta":[],"categories":[2,78,12,27,49],"tags":[],"_links":{"self":[{"href":"https:\/\/diariodevurgos.com\/dvwps\/wp-json\/wp\/v2\/posts\/25376"}],"collection":[{"href":"https:\/\/diariodevurgos.com\/dvwps\/wp-json\/wp\/v2\/posts"}],"about":[{"href":"https:\/\/diariodevurgos.com\/dvwps\/wp-json\/wp\/v2\/types\/post"}],"author":[{"embeddable":true,"href":"https:\/\/diariodevurgos.com\/dvwps\/wp-json\/wp\/v2\/users\/2"}],"replies":[{"embeddable":true,"href":"https:\/\/diariodevurgos.com\/dvwps\/wp-json\/wp\/v2\/comments?post=25376"}],"version-history":[{"count":2,"href":"https:\/\/diariodevurgos.com\/dvwps\/wp-json\/wp\/v2\/posts\/25376\/revisions"}],"predecessor-version":[{"id":25380,"href":"https:\/\/diariodevurgos.com\/dvwps\/wp-json\/wp\/v2\/posts\/25376\/revisions\/25380"}],"wp:featuredmedia":[{"embeddable":true,"href":"https:\/\/diariodevurgos.com\/dvwps\/wp-json\/wp\/v2\/media\/25377"}],"wp:attachment":[{"href":"https:\/\/diariodevurgos.com\/dvwps\/wp-json\/wp\/v2\/media?parent=25376"}],"wp:term":[{"taxonomy":"category","embeddable":true,"href":"https:\/\/diariodevurgos.com\/dvwps\/wp-json\/wp\/v2\/categories?post=25376"},{"taxonomy":"post_tag","embeddable":true,"href":"https:\/\/diariodevurgos.com\/dvwps\/wp-json\/wp\/v2\/tags?post=25376"}],"curies":[{"name":"wp","href":"https:\/\/api.w.org\/{rel}","templated":true}]}}