{"id":25389,"date":"2025-03-11T23:12:41","date_gmt":"2025-03-11T22:12:41","guid":{"rendered":"https:\/\/diariodevurgos.com\/dvwps\/?p=25389"},"modified":"2025-03-11T23:12:42","modified_gmt":"2025-03-11T22:12:42","slug":"presentacion-del-comic-cumbres-en-pie-de-guerra-la-batalla-de-el-mazucu","status":"publish","type":"post","link":"https:\/\/diariodevurgos.com\/dvwps\/presentacion-del-comic-cumbres-en-pie-de-guerra-la-batalla-de-el-mazucu.php","title":{"rendered":"Presentaci\u00f3n del c\u00f3mic &#8220;Cumbres en pie de guerra. La batalla de El Mazucu&#8221;"},"content":{"rendered":"<p class=\"lead\"><a href=\"https:\/\/traficantes.net\/libros\/cumbres-en-pie-de-guerra\"><em>Cumbres en pie de guerra. La batalla de El Mazucu<\/em><\/a> surge como novela hist\u00f3rica que utiliza el lenguaje narrativo del c\u00f3mic y nos traslada a los sucesos b\u00e9licos que tuvieron lugar en Asturias en 1937 durante el transcurso de la Guerra Civil. El relato pone el foco en el grupo de afinidad de Roque, un obrero de las cuencas mineras asturianas y veterano de la revoluci\u00f3n de octubre de 1934 que desempe\u00f1a el papel de enlace del Ej\u00e9rcito Republicano. Su autor, <a href=\"https:\/\/www.tebeosfera.com\/autores\/menendez_quiros_guillermo.html\">Guillermo Men\u00e9ndez Quir\u00f3s<\/a>, natural de la Felguera, poblaci\u00f3n de la Cuenca Minera de Asturias y escenario de numerosas luchas sociales, ha dado vida a otros proyectos como Milicias Vascas Antifascistas y Ana Mar\u00eda, la Llobera d&#8217; Asturies donde se combinan historia y trasfondo social.<\/p>\n<p><strong>CNT Burgos<\/strong><br \/>\n<strong>C\/ Do\u00f1a Berenguela, 3<\/strong><br \/>\n<strong>S\u00e1bado 15 de marzo, 19:00 horas<\/strong><\/p>\n<p style=\"text-align: center;\"><img loading=\"lazy\" class=\"aligncenter wp-image-25390 \" src=\"http:\/\/diariodevurgos.com\/dvwps\/wp-content\/uploads\/2025\/03\/Guillermo-Menendez-Quiros-724x1024.jpg\" alt=\"\" width=\"443\" height=\"626\" srcset=\"https:\/\/diariodevurgos.com\/dvwps\/wp-content\/uploads\/2025\/03\/Guillermo-Menendez-Quiros-724x1024.jpg 724w, https:\/\/diariodevurgos.com\/dvwps\/wp-content\/uploads\/2025\/03\/Guillermo-Menendez-Quiros-212x300.jpg 212w, https:\/\/diariodevurgos.com\/dvwps\/wp-content\/uploads\/2025\/03\/Guillermo-Menendez-Quiros-768x1086.jpg 768w, https:\/\/diariodevurgos.com\/dvwps\/wp-content\/uploads\/2025\/03\/Guillermo-Menendez-Quiros-1086x1536.jpg 1086w, https:\/\/diariodevurgos.com\/dvwps\/wp-content\/uploads\/2025\/03\/Guillermo-Menendez-Quiros-370x523.jpg 370w, https:\/\/diariodevurgos.com\/dvwps\/wp-content\/uploads\/2025\/03\/Guillermo-Menendez-Quiros.jpg 1131w\" sizes=\"(max-width: 443px) 100vw, 443px\" \/><\/p>\n","protected":false},"excerpt":{"rendered":"<p>Cumbres en pie de guerra. La batalla de El Mazucu surge como novela hist\u00f3rica que utiliza el lenguaje narrativo del c\u00f3mic y nos traslada a los sucesos b\u00e9licos que tuvieron lugar en Asturias en 1937 durante el transcurso de la Guerra Civil. El relato pone el foco en el grupo de afinidad de Roque, un&#8230;  <a href=\"https:\/\/diariodevurgos.com\/dvwps\/presentacion-del-comic-cumbres-en-pie-de-guerra-la-batalla-de-el-mazucu.php\" class=\"more-link\" title=\"Read Presentaci\u00f3n del c\u00f3mic &#8220;Cumbres en pie de guerra. La batalla de El Mazucu&#8221;\">Read more &raquo;<\/a><\/p>\n","protected":false},"author":2,"featured_media":25390,"comment_status":"open","ping_status":"closed","sticky":false,"template":"","format":"standard","meta":[],"categories":[2,73,14,6,8],"tags":[],"_links":{"self":[{"href":"https:\/\/diariodevurgos.com\/dvwps\/wp-json\/wp\/v2\/posts\/25389"}],"collection":[{"href":"https:\/\/diariodevurgos.com\/dvwps\/wp-json\/wp\/v2\/posts"}],"about":[{"href":"https:\/\/diariodevurgos.com\/dvwps\/wp-json\/wp\/v2\/types\/post"}],"author":[{"embeddable":true,"href":"https:\/\/diariodevurgos.com\/dvwps\/wp-json\/wp\/v2\/users\/2"}],"replies":[{"embeddable":true,"href":"https:\/\/diariodevurgos.com\/dvwps\/wp-json\/wp\/v2\/comments?post=25389"}],"version-history":[{"count":2,"href":"https:\/\/diariodevurgos.com\/dvwps\/wp-json\/wp\/v2\/posts\/25389\/revisions"}],"predecessor-version":[{"id":25392,"href":"https:\/\/diariodevurgos.com\/dvwps\/wp-json\/wp\/v2\/posts\/25389\/revisions\/25392"}],"wp:featuredmedia":[{"embeddable":true,"href":"https:\/\/diariodevurgos.com\/dvwps\/wp-json\/wp\/v2\/media\/25390"}],"wp:attachment":[{"href":"https:\/\/diariodevurgos.com\/dvwps\/wp-json\/wp\/v2\/media?parent=25389"}],"wp:term":[{"taxonomy":"category","embeddable":true,"href":"https:\/\/diariodevurgos.com\/dvwps\/wp-json\/wp\/v2\/categories?post=25389"},{"taxonomy":"post_tag","embeddable":true,"href":"https:\/\/diariodevurgos.com\/dvwps\/wp-json\/wp\/v2\/tags?post=25389"}],"curies":[{"name":"wp","href":"https:\/\/api.w.org\/{rel}","templated":true}]}}