{"id":25437,"date":"2025-04-10T07:13:46","date_gmt":"2025-04-10T05:13:46","guid":{"rendered":"https:\/\/diariodevurgos.com\/dvwps\/?p=25437"},"modified":"2025-04-10T07:13:47","modified_gmt":"2025-04-10T05:13:47","slug":"jornada-ludica-y-de-trabajo-colectivo-en-la-huerta-comunitaria-de-capiscol","status":"publish","type":"post","link":"https:\/\/diariodevurgos.com\/dvwps\/jornada-ludica-y-de-trabajo-colectivo-en-la-huerta-comunitaria-de-capiscol.php","title":{"rendered":"Jornada l\u00fadica y de trabajo colectivo en la Huerta Comunitaria de Capiscol"},"content":{"rendered":"<p class=\"lead\">Para tratar de contrarrestar los ataques que est\u00e1 recibiendo por parte de la especulaci\u00f3n urban\u00edstica, desde la <strong>Huerta Comunitaria de Capiscol<\/strong> se convoca para este <strong>domingo 13 de abril<\/strong> una jornada l\u00fadica y de trabajo colectivo. La iniciativa dar\u00e1 comienzo a partir de las <strong>12.00 horas<\/strong> y busca concienciar de la necesidad de preservar los espacios verdes frente a la especulaci\u00f3n urban\u00edstica.<\/p>\n<p style=\"text-align: center;\"><img loading=\"lazy\" class=\"aligncenter wp-image-25438 \" src=\"http:\/\/diariodevurgos.com\/dvwps\/wp-content\/uploads\/2025\/04\/Jornada-Huerta-Capiscol-1024x734.jpg\" alt=\"\" width=\"525\" height=\"376\" srcset=\"https:\/\/diariodevurgos.com\/dvwps\/wp-content\/uploads\/2025\/04\/Jornada-Huerta-Capiscol-1024x734.jpg 1024w, https:\/\/diariodevurgos.com\/dvwps\/wp-content\/uploads\/2025\/04\/Jornada-Huerta-Capiscol-300x215.jpg 300w, https:\/\/diariodevurgos.com\/dvwps\/wp-content\/uploads\/2025\/04\/Jornada-Huerta-Capiscol-768x550.jpg 768w, https:\/\/diariodevurgos.com\/dvwps\/wp-content\/uploads\/2025\/04\/Jornada-Huerta-Capiscol-370x265.jpg 370w, https:\/\/diariodevurgos.com\/dvwps\/wp-content\/uploads\/2025\/04\/Jornada-Huerta-Capiscol.jpg 1080w\" sizes=\"(max-width: 525px) 100vw, 525px\" \/><\/p>\n","protected":false},"excerpt":{"rendered":"<p>Para tratar de contrarrestar los ataques que est\u00e1 recibiendo por parte de la especulaci\u00f3n urban\u00edstica, desde la Huerta Comunitaria de Capiscol se convoca para este domingo 13 de abril una jornada l\u00fadica y de trabajo colectivo. La iniciativa dar\u00e1 comienzo a partir de las 12.00 horas y busca concienciar de la necesidad de preservar los&#8230;  <a href=\"https:\/\/diariodevurgos.com\/dvwps\/jornada-ludica-y-de-trabajo-colectivo-en-la-huerta-comunitaria-de-capiscol.php\" class=\"more-link\" title=\"Read Jornada l\u00fadica y de trabajo colectivo en la Huerta Comunitaria de Capiscol\">Read more &raquo;<\/a><\/p>\n","protected":false},"author":2,"featured_media":25438,"comment_status":"open","ping_status":"closed","sticky":false,"template":"","format":"standard","meta":[],"categories":[2,14,27,68],"tags":[],"_links":{"self":[{"href":"https:\/\/diariodevurgos.com\/dvwps\/wp-json\/wp\/v2\/posts\/25437"}],"collection":[{"href":"https:\/\/diariodevurgos.com\/dvwps\/wp-json\/wp\/v2\/posts"}],"about":[{"href":"https:\/\/diariodevurgos.com\/dvwps\/wp-json\/wp\/v2\/types\/post"}],"author":[{"embeddable":true,"href":"https:\/\/diariodevurgos.com\/dvwps\/wp-json\/wp\/v2\/users\/2"}],"replies":[{"embeddable":true,"href":"https:\/\/diariodevurgos.com\/dvwps\/wp-json\/wp\/v2\/comments?post=25437"}],"version-history":[{"count":1,"href":"https:\/\/diariodevurgos.com\/dvwps\/wp-json\/wp\/v2\/posts\/25437\/revisions"}],"predecessor-version":[{"id":25439,"href":"https:\/\/diariodevurgos.com\/dvwps\/wp-json\/wp\/v2\/posts\/25437\/revisions\/25439"}],"wp:featuredmedia":[{"embeddable":true,"href":"https:\/\/diariodevurgos.com\/dvwps\/wp-json\/wp\/v2\/media\/25438"}],"wp:attachment":[{"href":"https:\/\/diariodevurgos.com\/dvwps\/wp-json\/wp\/v2\/media?parent=25437"}],"wp:term":[{"taxonomy":"category","embeddable":true,"href":"https:\/\/diariodevurgos.com\/dvwps\/wp-json\/wp\/v2\/categories?post=25437"},{"taxonomy":"post_tag","embeddable":true,"href":"https:\/\/diariodevurgos.com\/dvwps\/wp-json\/wp\/v2\/tags?post=25437"}],"curies":[{"name":"wp","href":"https:\/\/api.w.org\/{rel}","templated":true}]}}