{"id":25444,"date":"2025-04-17T08:19:44","date_gmt":"2025-04-17T06:19:44","guid":{"rendered":"https:\/\/diariodevurgos.com\/dvwps\/?p=25444"},"modified":"2025-04-17T08:19:45","modified_gmt":"2025-04-17T06:19:45","slug":"abril-libertario-en-la-biblioteca-la-maldita","status":"publish","type":"post","link":"https:\/\/diariodevurgos.com\/dvwps\/abril-libertario-en-la-biblioteca-la-maldita.php","title":{"rendered":"Abril libertario en la Biblioteca La Maldita"},"content":{"rendered":"<p class=\"lead\">La <strong>Biblioteca Anarquista La Maldita<\/strong> ha programado una serie de presentaciones de libros que tendr\u00e1n lugar durante el \u00faltimo fin de semana del mes de abril. As\u00ed, el <strong>viernes 25 de abril,<\/strong> a partir de las<strong> 20:00 horas<\/strong>, se presentar\u00e1 <a href=\"https:\/\/traficantes.net\/libros\/un-c%C3%ADrculo-y-una\"><em>Un c\u00edrculo y una A. Anarqu\u00eda para j\u00f3venes y adolescentes<\/em><\/a>, una obra que plantea una introducci\u00f3n sencilla pero rigurosa a las ideas y pr\u00e1cticas del anarquismo enfocada a l@s lector@s m\u00e1s j\u00f3venes, y que contar\u00e1 con la presencia de su autor, <strong>H\u00e9ctor C. Garc\u00eda<\/strong>. Por su parte, el <strong>s\u00e1bado 26,<\/strong> a las <strong>19:00 horas<\/strong>, le tocar\u00e1 el turno a <a href=\"https:\/\/traficantes.net\/libros\/prepararse-para-la-tormenta\"><em>Prepararse para la tormenta<\/em><\/a>, un libro que plantea una serie de reflexiones en torno a la organizaci\u00f3n desde planteamientos anarquistas y cuya presentaci\u00f3n correr\u00e1 a cargo de miembros de la editorial <strong>Afilando nuestras vidas<\/strong>.<\/p>\n<p>La <strong>Biblioteca La Maldita<\/strong> se encuentra en la calle <strong>Pablo Casals, 17 del barrio de Gamonal<\/strong> y la entrada es libre y gratuita hasta completar el aforo.<\/p>\n<p style=\"text-align: center;\"><img loading=\"lazy\" class=\"aligncenter wp-image-25445 \" src=\"http:\/\/diariodevurgos.com\/dvwps\/wp-content\/uploads\/2025\/04\/Abril-en-Biblioteca-La-Maldita-724x1024.jpeg\" alt=\"\" width=\"527\" height=\"745\" srcset=\"https:\/\/diariodevurgos.com\/dvwps\/wp-content\/uploads\/2025\/04\/Abril-en-Biblioteca-La-Maldita-724x1024.jpeg 724w, https:\/\/diariodevurgos.com\/dvwps\/wp-content\/uploads\/2025\/04\/Abril-en-Biblioteca-La-Maldita-212x300.jpeg 212w, https:\/\/diariodevurgos.com\/dvwps\/wp-content\/uploads\/2025\/04\/Abril-en-Biblioteca-La-Maldita-768x1086.jpeg 768w, https:\/\/diariodevurgos.com\/dvwps\/wp-content\/uploads\/2025\/04\/Abril-en-Biblioteca-La-Maldita-1086x1536.jpeg 1086w, https:\/\/diariodevurgos.com\/dvwps\/wp-content\/uploads\/2025\/04\/Abril-en-Biblioteca-La-Maldita-370x523.jpeg 370w, https:\/\/diariodevurgos.com\/dvwps\/wp-content\/uploads\/2025\/04\/Abril-en-Biblioteca-La-Maldita.jpeg 1131w\" sizes=\"(max-width: 527px) 100vw, 527px\" \/><\/p>\n","protected":false},"excerpt":{"rendered":"<p>La Biblioteca Anarquista La Maldita ha programado una serie de presentaciones de libros que tendr\u00e1n lugar durante el \u00faltimo fin de semana del mes de abril. As\u00ed, el viernes 25 de abril, a partir de las 20:00 horas, se presentar\u00e1 Un c\u00edrculo y una A. Anarqu\u00eda para j\u00f3venes y adolescentes, una obra que plantea una&#8230;  <a href=\"https:\/\/diariodevurgos.com\/dvwps\/abril-libertario-en-la-biblioteca-la-maldita.php\" class=\"more-link\" title=\"Read Abril libertario en la Biblioteca La Maldita\">Read more &raquo;<\/a><\/p>\n","protected":false},"author":2,"featured_media":25445,"comment_status":"open","ping_status":"closed","sticky":false,"template":"","format":"standard","meta":[],"categories":[112,2,14,27,47,79,8],"tags":[],"_links":{"self":[{"href":"https:\/\/diariodevurgos.com\/dvwps\/wp-json\/wp\/v2\/posts\/25444"}],"collection":[{"href":"https:\/\/diariodevurgos.com\/dvwps\/wp-json\/wp\/v2\/posts"}],"about":[{"href":"https:\/\/diariodevurgos.com\/dvwps\/wp-json\/wp\/v2\/types\/post"}],"author":[{"embeddable":true,"href":"https:\/\/diariodevurgos.com\/dvwps\/wp-json\/wp\/v2\/users\/2"}],"replies":[{"embeddable":true,"href":"https:\/\/diariodevurgos.com\/dvwps\/wp-json\/wp\/v2\/comments?post=25444"}],"version-history":[{"count":1,"href":"https:\/\/diariodevurgos.com\/dvwps\/wp-json\/wp\/v2\/posts\/25444\/revisions"}],"predecessor-version":[{"id":25446,"href":"https:\/\/diariodevurgos.com\/dvwps\/wp-json\/wp\/v2\/posts\/25444\/revisions\/25446"}],"wp:featuredmedia":[{"embeddable":true,"href":"https:\/\/diariodevurgos.com\/dvwps\/wp-json\/wp\/v2\/media\/25445"}],"wp:attachment":[{"href":"https:\/\/diariodevurgos.com\/dvwps\/wp-json\/wp\/v2\/media?parent=25444"}],"wp:term":[{"taxonomy":"category","embeddable":true,"href":"https:\/\/diariodevurgos.com\/dvwps\/wp-json\/wp\/v2\/categories?post=25444"},{"taxonomy":"post_tag","embeddable":true,"href":"https:\/\/diariodevurgos.com\/dvwps\/wp-json\/wp\/v2\/tags?post=25444"}],"curies":[{"name":"wp","href":"https:\/\/api.w.org\/{rel}","templated":true}]}}