{"id":25447,"date":"2025-04-23T09:36:58","date_gmt":"2025-04-23T07:36:58","guid":{"rendered":"https:\/\/diariodevurgos.com\/dvwps\/?p=25447"},"modified":"2025-04-23T09:37:56","modified_gmt":"2025-04-23T07:37:56","slug":"manifestacion-1o-de-mayo-libertario-en-burgos","status":"publish","type":"post","link":"https:\/\/diariodevurgos.com\/dvwps\/manifestacion-1o-de-mayo-libertario-en-burgos.php","title":{"rendered":"Manifestaci\u00f3n 1\u00ba de mayo libertario en Burgos"},"content":{"rendered":"<p class=\"lead\">Como viene siendo ya habitual desde hace algunos a\u00f1os, con motivo de las actividades relacionadas con el <strong>1\u00ba de Mayo<\/strong> las organizaciones <strong>CNT<\/strong>, <strong>CGT<\/strong> y la <strong>Biblioteca Anarquista La Maldita<\/strong> organizan una manifestaci\u00f3n conjunta en <strong>Burgos<\/strong> que tendr\u00e1 lugar el pr\u00f3ximo<strong> jueves 1\u00ba de mayo<\/strong>.\u00a0 La manifestaci\u00f3n, que dar\u00e1 comienzo a partir de las <strong>13:00 horas<\/strong> desde la<strong> plaza del Cid<\/strong>, y que tiene como lema <em>1\u00ba de mayo obrero, combativo y libertario,<\/em> recorrer\u00e1 las principales calles del centro de la ciudad reivindicando el esp\u00edritu combativo y revolucionario de una fecha fundamental para la clase obrera.<\/p>\n<p style=\"text-align: center;\"><img loading=\"lazy\" class=\"aligncenter wp-image-25448 \" src=\"http:\/\/diariodevurgos.com\/dvwps\/wp-content\/uploads\/2025\/04\/Manifestacion-1o-de-Mayo-Burgos-2025-724x1024.jpeg\" alt=\"\" width=\"480\" height=\"679\" srcset=\"https:\/\/diariodevurgos.com\/dvwps\/wp-content\/uploads\/2025\/04\/Manifestacion-1o-de-Mayo-Burgos-2025-724x1024.jpeg 724w, https:\/\/diariodevurgos.com\/dvwps\/wp-content\/uploads\/2025\/04\/Manifestacion-1o-de-Mayo-Burgos-2025-212x300.jpeg 212w, https:\/\/diariodevurgos.com\/dvwps\/wp-content\/uploads\/2025\/04\/Manifestacion-1o-de-Mayo-Burgos-2025-768x1086.jpeg 768w, https:\/\/diariodevurgos.com\/dvwps\/wp-content\/uploads\/2025\/04\/Manifestacion-1o-de-Mayo-Burgos-2025-1087x1536.jpeg 1087w, https:\/\/diariodevurgos.com\/dvwps\/wp-content\/uploads\/2025\/04\/Manifestacion-1o-de-Mayo-Burgos-2025-370x523.jpeg 370w, https:\/\/diariodevurgos.com\/dvwps\/wp-content\/uploads\/2025\/04\/Manifestacion-1o-de-Mayo-Burgos-2025.jpeg 1132w\" sizes=\"(max-width: 480px) 100vw, 480px\" \/><\/p>\n","protected":false},"excerpt":{"rendered":"<p>Como viene siendo ya habitual desde hace algunos a\u00f1os, con motivo de las actividades relacionadas con el 1\u00ba de Mayo las organizaciones CNT, CGT y la Biblioteca Anarquista La Maldita organizan una manifestaci\u00f3n conjunta en Burgos que tendr\u00e1 lugar el pr\u00f3ximo jueves 1\u00ba de mayo.\u00a0 La manifestaci\u00f3n, que dar\u00e1 comienzo a partir de las 13:00&#8230;  <a href=\"https:\/\/diariodevurgos.com\/dvwps\/manifestacion-1o-de-mayo-libertario-en-burgos.php\" class=\"more-link\" title=\"Read Manifestaci\u00f3n 1\u00ba de mayo libertario en Burgos\">Read more &raquo;<\/a><\/p>\n","protected":false},"author":2,"featured_media":25448,"comment_status":"open","ping_status":"closed","sticky":false,"template":"","format":"standard","meta":[],"categories":[112,2,14,120,49],"tags":[],"_links":{"self":[{"href":"https:\/\/diariodevurgos.com\/dvwps\/wp-json\/wp\/v2\/posts\/25447"}],"collection":[{"href":"https:\/\/diariodevurgos.com\/dvwps\/wp-json\/wp\/v2\/posts"}],"about":[{"href":"https:\/\/diariodevurgos.com\/dvwps\/wp-json\/wp\/v2\/types\/post"}],"author":[{"embeddable":true,"href":"https:\/\/diariodevurgos.com\/dvwps\/wp-json\/wp\/v2\/users\/2"}],"replies":[{"embeddable":true,"href":"https:\/\/diariodevurgos.com\/dvwps\/wp-json\/wp\/v2\/comments?post=25447"}],"version-history":[{"count":1,"href":"https:\/\/diariodevurgos.com\/dvwps\/wp-json\/wp\/v2\/posts\/25447\/revisions"}],"predecessor-version":[{"id":25449,"href":"https:\/\/diariodevurgos.com\/dvwps\/wp-json\/wp\/v2\/posts\/25447\/revisions\/25449"}],"wp:featuredmedia":[{"embeddable":true,"href":"https:\/\/diariodevurgos.com\/dvwps\/wp-json\/wp\/v2\/media\/25448"}],"wp:attachment":[{"href":"https:\/\/diariodevurgos.com\/dvwps\/wp-json\/wp\/v2\/media?parent=25447"}],"wp:term":[{"taxonomy":"category","embeddable":true,"href":"https:\/\/diariodevurgos.com\/dvwps\/wp-json\/wp\/v2\/categories?post=25447"},{"taxonomy":"post_tag","embeddable":true,"href":"https:\/\/diariodevurgos.com\/dvwps\/wp-json\/wp\/v2\/tags?post=25447"}],"curies":[{"name":"wp","href":"https:\/\/api.w.org\/{rel}","templated":true}]}}