{"id":25476,"date":"2025-05-13T07:26:34","date_gmt":"2025-05-13T05:26:34","guid":{"rendered":"https:\/\/diariodevurgos.com\/dvwps\/?p=25476"},"modified":"2025-05-13T07:26:35","modified_gmt":"2025-05-13T05:26:35","slug":"concentracion-gasto-militar-es-inseguridad","status":"publish","type":"post","link":"https:\/\/diariodevurgos.com\/dvwps\/concentracion-gasto-militar-es-inseguridad.php","title":{"rendered":"Concentraci\u00f3n \u201cGasto militar es inseguridad\u201d"},"content":{"rendered":"<p class=\"lead\">Bajo el lema <em>Gasto militar es inseguridad<\/em>, <strong>CNT de Burgos<\/strong> convoca a una <strong>concentraci\u00f3n<\/strong> para el s<strong>\u00e1bado 17 de mayo<\/strong> a las <strong>12:00 horas<\/strong> en la <strong>plaza Alonso Mart\u00ednez<\/strong> frente al <strong>edifico de Capitan\u00eda<\/strong>. Una iniciativa que pretende denunciar que se aumente el presupuesto en armas y gasto militar, mientras se recorta en Sanidad, Educaci\u00f3n y servicios sociales.<\/p>\n<p style=\"text-align: center;\"><img loading=\"lazy\" class=\"aligncenter wp-image-25477 \" src=\"http:\/\/diariodevurgos.com\/dvwps\/wp-content\/uploads\/2025\/05\/Concentracion-gasto-militar-819x1024.jpg\" alt=\"\" width=\"504\" height=\"630\" srcset=\"https:\/\/diariodevurgos.com\/dvwps\/wp-content\/uploads\/2025\/05\/Concentracion-gasto-militar-819x1024.jpg 819w, https:\/\/diariodevurgos.com\/dvwps\/wp-content\/uploads\/2025\/05\/Concentracion-gasto-militar-240x300.jpg 240w, https:\/\/diariodevurgos.com\/dvwps\/wp-content\/uploads\/2025\/05\/Concentracion-gasto-militar-768x960.jpg 768w, https:\/\/diariodevurgos.com\/dvwps\/wp-content\/uploads\/2025\/05\/Concentracion-gasto-militar-370x463.jpg 370w, https:\/\/diariodevurgos.com\/dvwps\/wp-content\/uploads\/2025\/05\/Concentracion-gasto-militar.jpg 1024w\" sizes=\"(max-width: 504px) 100vw, 504px\" \/><\/p>\n","protected":false},"excerpt":{"rendered":"<p>Bajo el lema Gasto militar es inseguridad, CNT de Burgos convoca a una concentraci\u00f3n para el s\u00e1bado 17 de mayo a las 12:00 horas en la plaza Alonso Mart\u00ednez frente al edifico de Capitan\u00eda. Una iniciativa que pretende denunciar que se aumente el presupuesto en armas y gasto militar, mientras se recorta en Sanidad, Educaci\u00f3n&#8230;  <a href=\"https:\/\/diariodevurgos.com\/dvwps\/concentracion-gasto-militar-es-inseguridad.php\" class=\"more-link\" title=\"Read Concentraci\u00f3n \u201cGasto militar es inseguridad\u201d\">Read more &raquo;<\/a><\/p>\n","protected":false},"author":2,"featured_media":25477,"comment_status":"open","ping_status":"closed","sticky":false,"template":"","format":"standard","meta":[],"categories":[69,2,14,49],"tags":[],"_links":{"self":[{"href":"https:\/\/diariodevurgos.com\/dvwps\/wp-json\/wp\/v2\/posts\/25476"}],"collection":[{"href":"https:\/\/diariodevurgos.com\/dvwps\/wp-json\/wp\/v2\/posts"}],"about":[{"href":"https:\/\/diariodevurgos.com\/dvwps\/wp-json\/wp\/v2\/types\/post"}],"author":[{"embeddable":true,"href":"https:\/\/diariodevurgos.com\/dvwps\/wp-json\/wp\/v2\/users\/2"}],"replies":[{"embeddable":true,"href":"https:\/\/diariodevurgos.com\/dvwps\/wp-json\/wp\/v2\/comments?post=25476"}],"version-history":[{"count":1,"href":"https:\/\/diariodevurgos.com\/dvwps\/wp-json\/wp\/v2\/posts\/25476\/revisions"}],"predecessor-version":[{"id":25478,"href":"https:\/\/diariodevurgos.com\/dvwps\/wp-json\/wp\/v2\/posts\/25476\/revisions\/25478"}],"wp:featuredmedia":[{"embeddable":true,"href":"https:\/\/diariodevurgos.com\/dvwps\/wp-json\/wp\/v2\/media\/25477"}],"wp:attachment":[{"href":"https:\/\/diariodevurgos.com\/dvwps\/wp-json\/wp\/v2\/media?parent=25476"}],"wp:term":[{"taxonomy":"category","embeddable":true,"href":"https:\/\/diariodevurgos.com\/dvwps\/wp-json\/wp\/v2\/categories?post=25476"},{"taxonomy":"post_tag","embeddable":true,"href":"https:\/\/diariodevurgos.com\/dvwps\/wp-json\/wp\/v2\/tags?post=25476"}],"curies":[{"name":"wp","href":"https:\/\/api.w.org\/{rel}","templated":true}]}}