{"id":25497,"date":"2025-06-28T09:03:42","date_gmt":"2025-06-28T07:03:42","guid":{"rendered":"https:\/\/diariodevurgos.com\/dvwps\/?p=25497"},"modified":"2025-06-28T09:03:42","modified_gmt":"2025-06-28T07:03:42","slug":"manifestacion-por-el-orgullo-lgtbi-en-burgos","status":"publish","type":"post","link":"https:\/\/diariodevurgos.com\/dvwps\/manifestacion-por-el-orgullo-lgtbi-en-burgos.php","title":{"rendered":"Manifestaci\u00f3n por el Orgullo LGTBI+ en Burgos"},"content":{"rendered":"<p class=\"lead\">Burgos sale a las calles para seguir reivindicando y luchando por <strong>los derechos de las personas LGTBIQA+<\/strong> el <strong>s\u00e1bado 28 de junio<\/strong>. La manifestaci\u00f3n est\u00e1 convocada conjuntamente por @espacioseguroburgos, @orgullosamentecombatives y @euforia_fta, unidas por la fuerza de un Orgullo combativo, antifascista y transfeminista y dar\u00e1 comienzo a las <strong>20:00 horas<\/strong> desde la <strong>plaza del Cid. <\/strong>M\u00e1s informaci\u00f3n en la web del colectivo <a href=\"https:\/\/espacioseguroburgos.org\/etn\/manifestacion-orgullo-lgtbi-burgos-2025\/\">Espacio Seguro.<\/a><\/p>\n<p style=\"text-align: center;\"><img loading=\"lazy\" class=\"aligncenter wp-image-25498 size-full\" src=\"http:\/\/diariodevurgos.com\/dvwps\/wp-content\/uploads\/2025\/06\/Cartel2025-A3-389x550-1.jpg\" alt=\"\" width=\"389\" height=\"550\" srcset=\"https:\/\/diariodevurgos.com\/dvwps\/wp-content\/uploads\/2025\/06\/Cartel2025-A3-389x550-1.jpg 389w, https:\/\/diariodevurgos.com\/dvwps\/wp-content\/uploads\/2025\/06\/Cartel2025-A3-389x550-1-212x300.jpg 212w, https:\/\/diariodevurgos.com\/dvwps\/wp-content\/uploads\/2025\/06\/Cartel2025-A3-389x550-1-370x523.jpg 370w\" sizes=\"(max-width: 389px) 100vw, 389px\" \/><\/p>\n","protected":false},"excerpt":{"rendered":"<p>Burgos sale a las calles para seguir reivindicando y luchando por los derechos de las personas LGTBIQA+ el s\u00e1bado 28 de junio. La manifestaci\u00f3n est\u00e1 convocada conjuntamente por @espacioseguroburgos, @orgullosamentecombatives y @euforia_fta, unidas por la fuerza de un Orgullo combativo, antifascista y transfeminista y dar\u00e1 comienzo a las 20:00 horas desde la plaza del Cid&#8230;.  <a href=\"https:\/\/diariodevurgos.com\/dvwps\/manifestacion-por-el-orgullo-lgtbi-en-burgos.php\" class=\"more-link\" title=\"Read Manifestaci\u00f3n por el Orgullo LGTBI+ en Burgos\">Read more &raquo;<\/a><\/p>\n","protected":false},"author":2,"featured_media":25498,"comment_status":"open","ping_status":"closed","sticky":false,"template":"","format":"standard","meta":[],"categories":[2,14,49],"tags":[],"_links":{"self":[{"href":"https:\/\/diariodevurgos.com\/dvwps\/wp-json\/wp\/v2\/posts\/25497"}],"collection":[{"href":"https:\/\/diariodevurgos.com\/dvwps\/wp-json\/wp\/v2\/posts"}],"about":[{"href":"https:\/\/diariodevurgos.com\/dvwps\/wp-json\/wp\/v2\/types\/post"}],"author":[{"embeddable":true,"href":"https:\/\/diariodevurgos.com\/dvwps\/wp-json\/wp\/v2\/users\/2"}],"replies":[{"embeddable":true,"href":"https:\/\/diariodevurgos.com\/dvwps\/wp-json\/wp\/v2\/comments?post=25497"}],"version-history":[{"count":2,"href":"https:\/\/diariodevurgos.com\/dvwps\/wp-json\/wp\/v2\/posts\/25497\/revisions"}],"predecessor-version":[{"id":25500,"href":"https:\/\/diariodevurgos.com\/dvwps\/wp-json\/wp\/v2\/posts\/25497\/revisions\/25500"}],"wp:featuredmedia":[{"embeddable":true,"href":"https:\/\/diariodevurgos.com\/dvwps\/wp-json\/wp\/v2\/media\/25498"}],"wp:attachment":[{"href":"https:\/\/diariodevurgos.com\/dvwps\/wp-json\/wp\/v2\/media?parent=25497"}],"wp:term":[{"taxonomy":"category","embeddable":true,"href":"https:\/\/diariodevurgos.com\/dvwps\/wp-json\/wp\/v2\/categories?post=25497"},{"taxonomy":"post_tag","embeddable":true,"href":"https:\/\/diariodevurgos.com\/dvwps\/wp-json\/wp\/v2\/tags?post=25497"}],"curies":[{"name":"wp","href":"https:\/\/api.w.org\/{rel}","templated":true}]}}