{"id":25509,"date":"2025-07-11T06:24:43","date_gmt":"2025-07-11T04:24:43","guid":{"rendered":"https:\/\/diariodevurgos.com\/dvwps\/?p=25509"},"modified":"2025-07-11T06:24:45","modified_gmt":"2025-07-11T04:24:45","slug":"concentracion-en-solidaridad-con-las-seis-de-la-suiza-tras-su-ingreso-en-prision","status":"publish","type":"post","link":"https:\/\/diariodevurgos.com\/dvwps\/concentracion-en-solidaridad-con-las-seis-de-la-suiza-tras-su-ingreso-en-prision.php","title":{"rendered":"Concentraci\u00f3n en solidaridad con las seis de la Suiza tras su ingreso en prisi\u00f3n"},"content":{"rendered":"<p class=\"lead\">Tras la entrada en prisi\u00f3n de Asturias de las seis sindicalistas de CNT, conocidas como \u00ablas seis de la Suiza, <strong>CNT de Burgo<\/strong>s convoca una concentraci\u00f3n en solidaridad con estas compa\u00f1eras cuyo \u00fanico delito ha sido hacer sindicalismo y defender los derechos de l@s trabajador@s. La iniciativa tendr\u00e1 lugar <strong>el martes, 15 de julio, a las 20:00 horas, en la plaza del Cid.<\/strong><\/p>\n<p style=\"text-align: center;\"><img loading=\"lazy\" decoding=\"async\" class=\"aligncenter wp-image-25510 size-large\" src=\"http:\/\/diariodevurgos.com\/dvwps\/wp-content\/uploads\/2025\/07\/ConcentraciA\u00b3n_15_julio_6Suiza-725x1024.jpg\" alt=\"\" width=\"580\" height=\"819\" srcset=\"https:\/\/diariodevurgos.com\/dvwps\/wp-content\/uploads\/2025\/07\/ConcentraciA\u00b3n_15_julio_6Suiza-725x1024.jpg 725w, https:\/\/diariodevurgos.com\/dvwps\/wp-content\/uploads\/2025\/07\/ConcentraciA\u00b3n_15_julio_6Suiza-212x300.jpg 212w, https:\/\/diariodevurgos.com\/dvwps\/wp-content\/uploads\/2025\/07\/ConcentraciA\u00b3n_15_julio_6Suiza-768x1085.jpg 768w, https:\/\/diariodevurgos.com\/dvwps\/wp-content\/uploads\/2025\/07\/ConcentraciA\u00b3n_15_julio_6Suiza-1087x1536.jpg 1087w, https:\/\/diariodevurgos.com\/dvwps\/wp-content\/uploads\/2025\/07\/ConcentraciA\u00b3n_15_julio_6Suiza-1449x2048.jpg 1449w, https:\/\/diariodevurgos.com\/dvwps\/wp-content\/uploads\/2025\/07\/ConcentraciA\u00b3n_15_julio_6Suiza-370x523.jpg 370w, https:\/\/diariodevurgos.com\/dvwps\/wp-content\/uploads\/2025\/07\/ConcentraciA\u00b3n_15_julio_6Suiza-scaled.jpg 1812w\" sizes=\"auto, (max-width: 580px) 100vw, 580px\" \/><\/p>\n<p style=\"text-align: center;\">\n","protected":false},"excerpt":{"rendered":"<p>Tras la entrada en prisi\u00f3n de Asturias de las seis sindicalistas de CNT, conocidas como \u00ablas seis de la Suiza, CNT de Burgos convoca una concentraci\u00f3n en solidaridad con estas compa\u00f1eras cuyo \u00fanico delito ha sido hacer sindicalismo y defender los derechos de l@s trabajador@s. La iniciativa tendr\u00e1 lugar el martes, 15 de julio, a&#8230;  <a href=\"https:\/\/diariodevurgos.com\/dvwps\/concentracion-en-solidaridad-con-las-seis-de-la-suiza-tras-su-ingreso-en-prision.php\" class=\"more-link\" title=\"Read Concentraci\u00f3n en solidaridad con las seis de la Suiza tras su ingreso en prisi\u00f3n\">Read more &raquo;<\/a><\/p>\n","protected":false},"author":2,"featured_media":25510,"comment_status":"open","ping_status":"closed","sticky":false,"template":"","format":"standard","meta":{"footnotes":""},"categories":[2,14,120,49],"tags":[],"class_list":["post-25509","post","type-post","status-publish","format-standard","has-post-thumbnail","hentry","category-burgos","category-eventos","category-laboral","category-lucha"],"_links":{"self":[{"href":"https:\/\/diariodevurgos.com\/dvwps\/wp-json\/wp\/v2\/posts\/25509","targetHints":{"allow":["GET"]}}],"collection":[{"href":"https:\/\/diariodevurgos.com\/dvwps\/wp-json\/wp\/v2\/posts"}],"about":[{"href":"https:\/\/diariodevurgos.com\/dvwps\/wp-json\/wp\/v2\/types\/post"}],"author":[{"embeddable":true,"href":"https:\/\/diariodevurgos.com\/dvwps\/wp-json\/wp\/v2\/users\/2"}],"replies":[{"embeddable":true,"href":"https:\/\/diariodevurgos.com\/dvwps\/wp-json\/wp\/v2\/comments?post=25509"}],"version-history":[{"count":1,"href":"https:\/\/diariodevurgos.com\/dvwps\/wp-json\/wp\/v2\/posts\/25509\/revisions"}],"predecessor-version":[{"id":25511,"href":"https:\/\/diariodevurgos.com\/dvwps\/wp-json\/wp\/v2\/posts\/25509\/revisions\/25511"}],"wp:featuredmedia":[{"embeddable":true,"href":"https:\/\/diariodevurgos.com\/dvwps\/wp-json\/wp\/v2\/media\/25510"}],"wp:attachment":[{"href":"https:\/\/diariodevurgos.com\/dvwps\/wp-json\/wp\/v2\/media?parent=25509"}],"wp:term":[{"taxonomy":"category","embeddable":true,"href":"https:\/\/diariodevurgos.com\/dvwps\/wp-json\/wp\/v2\/categories?post=25509"},{"taxonomy":"post_tag","embeddable":true,"href":"https:\/\/diariodevurgos.com\/dvwps\/wp-json\/wp\/v2\/tags?post=25509"}],"curies":[{"name":"wp","href":"https:\/\/api.w.org\/{rel}","templated":true}]}}