{"id":25516,"date":"2025-07-15T09:32:04","date_gmt":"2025-07-15T07:32:04","guid":{"rendered":"https:\/\/diariodevurgos.com\/dvwps\/?p=25516"},"modified":"2025-07-15T09:32:05","modified_gmt":"2025-07-15T07:32:05","slug":"el-uso-de-la-definicion-de-antisemitismo-como-herramienta-represiva-en-europa","status":"publish","type":"post","link":"https:\/\/diariodevurgos.com\/dvwps\/el-uso-de-la-definicion-de-antisemitismo-como-herramienta-represiva-en-europa.php","title":{"rendered":"El uso de la definici\u00f3n de antisemitismo como herramienta represiva en Europa"},"content":{"rendered":"<p class=\"lead\">El colectivo <em><strong>Burgos por la libertad<\/strong> <\/em>organiza la charla-debate <em>El uso de la definici\u00f3n de antisemitismo como herramienta represiva en Europa<\/em> con la que se pretende indagar acerca de como se est\u00e1 utilizando el t\u00e9rmino \u201cantisemitismo\u201d para criminalizar toda iniciativa de apoyo y solidaridad con el pueblo palestino. La charla tendr\u00e1 lugar el <strong>jueves 24 de julio<\/strong>, a partir de las <strong>19:00 horas<\/strong>, en el <strong>sal\u00f3n de sindicatos, CGT, situado en calle Kalera, 12.<\/strong><\/p>\n<p style=\"text-align: center;\"><img loading=\"lazy\" class=\"aligncenter wp-image-25517 \" src=\"http:\/\/diariodevurgos.com\/dvwps\/wp-content\/uploads\/2025\/07\/Uso-definicion-antisemitismo-724x1024.jpg\" alt=\"\" width=\"455\" height=\"643\" srcset=\"https:\/\/diariodevurgos.com\/dvwps\/wp-content\/uploads\/2025\/07\/Uso-definicion-antisemitismo-724x1024.jpg 724w, https:\/\/diariodevurgos.com\/dvwps\/wp-content\/uploads\/2025\/07\/Uso-definicion-antisemitismo-212x300.jpg 212w, https:\/\/diariodevurgos.com\/dvwps\/wp-content\/uploads\/2025\/07\/Uso-definicion-antisemitismo-768x1086.jpg 768w, https:\/\/diariodevurgos.com\/dvwps\/wp-content\/uploads\/2025\/07\/Uso-definicion-antisemitismo-1087x1536.jpg 1087w, https:\/\/diariodevurgos.com\/dvwps\/wp-content\/uploads\/2025\/07\/Uso-definicion-antisemitismo-370x523.jpg 370w, https:\/\/diariodevurgos.com\/dvwps\/wp-content\/uploads\/2025\/07\/Uso-definicion-antisemitismo.jpg 1132w\" sizes=\"(max-width: 455px) 100vw, 455px\" \/><\/p>\n","protected":false},"excerpt":{"rendered":"<p>El colectivo Burgos por la libertad organiza la charla-debate El uso de la definici\u00f3n de antisemitismo como herramienta represiva en Europa con la que se pretende indagar acerca de como se est\u00e1 utilizando el t\u00e9rmino \u201cantisemitismo\u201d para criminalizar toda iniciativa de apoyo y solidaridad con el pueblo palestino. La charla tendr\u00e1 lugar el jueves 24&#8230;  <a href=\"https:\/\/diariodevurgos.com\/dvwps\/el-uso-de-la-definicion-de-antisemitismo-como-herramienta-represiva-en-europa.php\" class=\"more-link\" title=\"Read El uso de la definici\u00f3n de antisemitismo como herramienta represiva en Europa\">Read more &raquo;<\/a><\/p>\n","protected":false},"author":2,"featured_media":25517,"comment_status":"open","ping_status":"closed","sticky":false,"template":"","format":"standard","meta":[],"categories":[2,14,24],"tags":[],"_links":{"self":[{"href":"https:\/\/diariodevurgos.com\/dvwps\/wp-json\/wp\/v2\/posts\/25516"}],"collection":[{"href":"https:\/\/diariodevurgos.com\/dvwps\/wp-json\/wp\/v2\/posts"}],"about":[{"href":"https:\/\/diariodevurgos.com\/dvwps\/wp-json\/wp\/v2\/types\/post"}],"author":[{"embeddable":true,"href":"https:\/\/diariodevurgos.com\/dvwps\/wp-json\/wp\/v2\/users\/2"}],"replies":[{"embeddable":true,"href":"https:\/\/diariodevurgos.com\/dvwps\/wp-json\/wp\/v2\/comments?post=25516"}],"version-history":[{"count":1,"href":"https:\/\/diariodevurgos.com\/dvwps\/wp-json\/wp\/v2\/posts\/25516\/revisions"}],"predecessor-version":[{"id":25518,"href":"https:\/\/diariodevurgos.com\/dvwps\/wp-json\/wp\/v2\/posts\/25516\/revisions\/25518"}],"wp:featuredmedia":[{"embeddable":true,"href":"https:\/\/diariodevurgos.com\/dvwps\/wp-json\/wp\/v2\/media\/25517"}],"wp:attachment":[{"href":"https:\/\/diariodevurgos.com\/dvwps\/wp-json\/wp\/v2\/media?parent=25516"}],"wp:term":[{"taxonomy":"category","embeddable":true,"href":"https:\/\/diariodevurgos.com\/dvwps\/wp-json\/wp\/v2\/categories?post=25516"},{"taxonomy":"post_tag","embeddable":true,"href":"https:\/\/diariodevurgos.com\/dvwps\/wp-json\/wp\/v2\/tags?post=25516"}],"curies":[{"name":"wp","href":"https:\/\/api.w.org\/{rel}","templated":true}]}}