{"id":25524,"date":"2025-07-29T08:16:25","date_gmt":"2025-07-29T06:16:25","guid":{"rendered":"https:\/\/diariodevurgos.com\/dvwps\/?p=25524"},"modified":"2025-07-29T08:16:26","modified_gmt":"2025-07-29T06:16:26","slug":"octavio-alberola-que-la-tierra-te-sea-leve","status":"publish","type":"post","link":"https:\/\/diariodevurgos.com\/dvwps\/octavio-alberola-que-la-tierra-te-sea-leve.php","title":{"rendered":"Octavio Alberola: que la tierra te sea leve"},"content":{"rendered":"<p class=\"lead\">El pasado jueves, 24 de julio, falleci\u00f3 en Perpi\u00f1\u00e1n el hist\u00f3rico anarquista <a href=\"https:\/\/www.alasbarricadas.org\/noticias\/node\/57668\">Octavio Alberola<\/a>, nacido el 4 de Marzo de 1928 en Alayor (Menorca). Recogemos a continuaci\u00f3n una <a href=\"https:\/\/ondaexpansiva.net\/granado-y-delgado-entrevista-con-octavio-alberola\/\">entrevista realizada con el compa\u00f1ero en Radio Onda Expansiva<\/a> hace ya algunos a\u00f1os y el documental <a href=\"https:\/\/www.youtube.com\/watch?app=desktop&amp;v=G2mOyxfYxoY\"><em>En la brecha: anarquistas contra Franco<\/em><\/a> donde se repasa su trayectoria como militante libertario.<!--more--><\/p>\n<p><em>En la brecha: anarquistas contra Franco<\/em> es un documental biogr\u00e1fico sobre la vida de Octavio Alberola. A trav\u00e9s de las vivencias de Octavio se reconstruye una \u00e9poca hist\u00f3rica incidiendo en el exilio republicano espa\u00f1ol y la lucha antifranquista llevada a cabo por alguno\/as anarquistas.<\/p>\n<p><iframe loading=\"lazy\" title=\"En la Brecha. Anarquistas contra Franco. Documental completo.\" width=\"580\" height=\"326\" src=\"https:\/\/www.youtube.com\/embed\/G2mOyxfYxoY?feature=oembed\" frameborder=\"0\" allow=\"accelerometer; autoplay; clipboard-write; encrypted-media; gyroscope; picture-in-picture; web-share\" referrerpolicy=\"strict-origin-when-cross-origin\" allowfullscreen><\/iframe><\/p>\n","protected":false},"excerpt":{"rendered":"<p>El pasado jueves, 24 de julio, falleci\u00f3 en Perpi\u00f1\u00e1n el hist\u00f3rico anarquista Octavio Alberola, nacido el 4 de Marzo de 1928 en Alayor (Menorca). Recogemos a continuaci\u00f3n una entrevista realizada con el compa\u00f1ero en Radio Onda Expansiva hace ya algunos a\u00f1os y el documental En la brecha: anarquistas contra Franco donde se repasa su trayectoria&#8230;  <a href=\"https:\/\/diariodevurgos.com\/dvwps\/octavio-alberola-que-la-tierra-te-sea-leve.php\" class=\"more-link\" title=\"Read Octavio Alberola: que la tierra te sea leve\">Read more &raquo;<\/a><\/p>\n","protected":false},"author":2,"featured_media":25526,"comment_status":"open","ping_status":"closed","sticky":false,"template":"","format":"standard","meta":[],"categories":[112,33,6,79,23],"tags":[],"_links":{"self":[{"href":"https:\/\/diariodevurgos.com\/dvwps\/wp-json\/wp\/v2\/posts\/25524"}],"collection":[{"href":"https:\/\/diariodevurgos.com\/dvwps\/wp-json\/wp\/v2\/posts"}],"about":[{"href":"https:\/\/diariodevurgos.com\/dvwps\/wp-json\/wp\/v2\/types\/post"}],"author":[{"embeddable":true,"href":"https:\/\/diariodevurgos.com\/dvwps\/wp-json\/wp\/v2\/users\/2"}],"replies":[{"embeddable":true,"href":"https:\/\/diariodevurgos.com\/dvwps\/wp-json\/wp\/v2\/comments?post=25524"}],"version-history":[{"count":1,"href":"https:\/\/diariodevurgos.com\/dvwps\/wp-json\/wp\/v2\/posts\/25524\/revisions"}],"predecessor-version":[{"id":25525,"href":"https:\/\/diariodevurgos.com\/dvwps\/wp-json\/wp\/v2\/posts\/25524\/revisions\/25525"}],"wp:featuredmedia":[{"embeddable":true,"href":"https:\/\/diariodevurgos.com\/dvwps\/wp-json\/wp\/v2\/media\/25526"}],"wp:attachment":[{"href":"https:\/\/diariodevurgos.com\/dvwps\/wp-json\/wp\/v2\/media?parent=25524"}],"wp:term":[{"taxonomy":"category","embeddable":true,"href":"https:\/\/diariodevurgos.com\/dvwps\/wp-json\/wp\/v2\/categories?post=25524"},{"taxonomy":"post_tag","embeddable":true,"href":"https:\/\/diariodevurgos.com\/dvwps\/wp-json\/wp\/v2\/tags?post=25524"}],"curies":[{"name":"wp","href":"https:\/\/api.w.org\/{rel}","templated":true}]}}