{"id":25562,"date":"2025-09-03T07:29:28","date_gmt":"2025-09-03T05:29:28","guid":{"rendered":"https:\/\/diariodevurgos.com\/dvwps\/?p=25562"},"modified":"2025-09-03T07:29:30","modified_gmt":"2025-09-03T05:29:30","slug":"concierto-de-eretia-y-entropiah-en-csr-gamonal","status":"publish","type":"post","link":"https:\/\/diariodevurgos.com\/dvwps\/concierto-de-eretia-y-entropiah-en-csr-gamonal.php","title":{"rendered":"Concierto de Eretia y Entr\u00f6piaH en CSR Gamonal"},"content":{"rendered":"<p align=\"justify\" class=\"lead\"><span style=\"font-family: Arial, sans-serif;\">El pr\u00f3ximo <strong>viernes 12 de septiembre<\/strong> regresan los conciertos de m\u00fasica m\u00e1s ca\u00f1era al <a href=\"https:\/\/csrgamonal.ga\/\">Centro Social Recuperado de Gamonal<\/a> con los grupos <strong>Eretia de Torrelavega<\/strong> y <strong>Entr\u00f6piaH de Segovia<\/strong>. La apertura de puertas del espacio est\u00e1 prevista a las <strong>20:00<\/strong> y las actuaciones musicales dar\u00e1n comienzo a partir de las <strong>20:30 horas<\/strong>. Como de costumbre en el CSR Gamonal, la entrada es libre y gratuita hasta completar aforo.<\/span><\/p>\n<p style=\"text-align: center;\" align=\"justify\"><img loading=\"lazy\" class=\"aligncenter wp-image-25563 \" src=\"http:\/\/diariodevurgos.com\/dvwps\/wp-content\/uploads\/2025\/09\/Concierto-CSR-12-de-septiembre-766x1024.jpeg\" alt=\"\" width=\"542\" height=\"724\" srcset=\"https:\/\/diariodevurgos.com\/dvwps\/wp-content\/uploads\/2025\/09\/Concierto-CSR-12-de-septiembre-766x1024.jpeg 766w, https:\/\/diariodevurgos.com\/dvwps\/wp-content\/uploads\/2025\/09\/Concierto-CSR-12-de-septiembre-224x300.jpeg 224w, https:\/\/diariodevurgos.com\/dvwps\/wp-content\/uploads\/2025\/09\/Concierto-CSR-12-de-septiembre-768x1027.jpeg 768w, https:\/\/diariodevurgos.com\/dvwps\/wp-content\/uploads\/2025\/09\/Concierto-CSR-12-de-septiembre-370x495.jpeg 370w, https:\/\/diariodevurgos.com\/dvwps\/wp-content\/uploads\/2025\/09\/Concierto-CSR-12-de-septiembre.jpeg 1000w\" sizes=\"(max-width: 542px) 100vw, 542px\" \/><\/p>\n","protected":false},"excerpt":{"rendered":"<p>El pr\u00f3ximo viernes 12 de septiembre regresan los conciertos de m\u00fasica m\u00e1s ca\u00f1era al Centro Social Recuperado de Gamonal con los grupos Eretia de Torrelavega y Entr\u00f6piaH de Segovia. La apertura de puertas del espacio est\u00e1 prevista a las 20:00 y las actuaciones musicales dar\u00e1n comienzo a partir de las 20:30 horas. Como de costumbre&#8230;  <a href=\"https:\/\/diariodevurgos.com\/dvwps\/concierto-de-eretia-y-entropiah-en-csr-gamonal.php\" class=\"more-link\" title=\"Read Concierto de Eretia y Entr\u00f6piaH en CSR Gamonal\">Read more &raquo;<\/a><\/p>\n","protected":false},"author":2,"featured_media":25563,"comment_status":"open","ping_status":"closed","sticky":false,"template":"","format":"standard","meta":[],"categories":[2,78,14,27,16],"tags":[],"_links":{"self":[{"href":"https:\/\/diariodevurgos.com\/dvwps\/wp-json\/wp\/v2\/posts\/25562"}],"collection":[{"href":"https:\/\/diariodevurgos.com\/dvwps\/wp-json\/wp\/v2\/posts"}],"about":[{"href":"https:\/\/diariodevurgos.com\/dvwps\/wp-json\/wp\/v2\/types\/post"}],"author":[{"embeddable":true,"href":"https:\/\/diariodevurgos.com\/dvwps\/wp-json\/wp\/v2\/users\/2"}],"replies":[{"embeddable":true,"href":"https:\/\/diariodevurgos.com\/dvwps\/wp-json\/wp\/v2\/comments?post=25562"}],"version-history":[{"count":1,"href":"https:\/\/diariodevurgos.com\/dvwps\/wp-json\/wp\/v2\/posts\/25562\/revisions"}],"predecessor-version":[{"id":25564,"href":"https:\/\/diariodevurgos.com\/dvwps\/wp-json\/wp\/v2\/posts\/25562\/revisions\/25564"}],"wp:featuredmedia":[{"embeddable":true,"href":"https:\/\/diariodevurgos.com\/dvwps\/wp-json\/wp\/v2\/media\/25563"}],"wp:attachment":[{"href":"https:\/\/diariodevurgos.com\/dvwps\/wp-json\/wp\/v2\/media?parent=25562"}],"wp:term":[{"taxonomy":"category","embeddable":true,"href":"https:\/\/diariodevurgos.com\/dvwps\/wp-json\/wp\/v2\/categories?post=25562"},{"taxonomy":"post_tag","embeddable":true,"href":"https:\/\/diariodevurgos.com\/dvwps\/wp-json\/wp\/v2\/tags?post=25562"}],"curies":[{"name":"wp","href":"https:\/\/api.w.org\/{rel}","templated":true}]}}