{"id":25652,"date":"2025-12-05T07:39:16","date_gmt":"2025-12-05T06:39:16","guid":{"rendered":"https:\/\/diariodevurgos.com\/dvwps\/?p=25652"},"modified":"2025-12-05T07:39:17","modified_gmt":"2025-12-05T06:39:17","slug":"experiencia-en-primera-persona-en-la-flotilla-global-sumud-charla-en-csr-gamonal","status":"publish","type":"post","link":"https:\/\/diariodevurgos.com\/dvwps\/experiencia-en-primera-persona-en-la-flotilla-global-sumud-charla-en-csr-gamonal.php","title":{"rendered":"Experiencia en primera persona en la flotilla Global Sumud: charla en CSR Gamonal"},"content":{"rendered":"<p class=\"lead\">El pr\u00f3ximo <strong>s\u00e1bado 13 de diciembre<\/strong> el <a href=\"https:\/\/csrgamonal.ga\/2025\/12\/05\/experiencia-en-primera-persona-en-la-global-sumud-flotilla\/\">Centro Social Recuperado de Gamonal<\/a> acoger\u00e1 el desarrollo de una charla que, bajo el t\u00edtulo <strong><em>Una experiencia en primera persona en la Global Sumud<\/em><\/strong>, recoger\u00e1 el testimonio personal de una activista participante en la Global Sumud Flotilla que el pasado mes de octubre intent\u00f3 llegar a Gaza en una iniciativa solidaria con el pueblo Palestino y que fue interceptada por el Estado de Israel. La actividad dar\u00e1 comienzo a partir de las <strong>19:00 horas<\/strong> y su objetivo es exponer tanto la experiencia personal como generar debate y reflexi\u00f3n en torno al internacionalismo.<\/p>\n<p style=\"text-align: center;\"><img loading=\"lazy\" class=\"aligncenter wp-image-25653 \" src=\"http:\/\/diariodevurgos.com\/dvwps\/wp-content\/uploads\/2025\/12\/Charla-Flotilla-CSR-Gamonal-724x1024.jpeg\" alt=\"\" width=\"517\" height=\"731\" srcset=\"https:\/\/diariodevurgos.com\/dvwps\/wp-content\/uploads\/2025\/12\/Charla-Flotilla-CSR-Gamonal-724x1024.jpeg 724w, https:\/\/diariodevurgos.com\/dvwps\/wp-content\/uploads\/2025\/12\/Charla-Flotilla-CSR-Gamonal-212x300.jpeg 212w, https:\/\/diariodevurgos.com\/dvwps\/wp-content\/uploads\/2025\/12\/Charla-Flotilla-CSR-Gamonal-768x1086.jpeg 768w, https:\/\/diariodevurgos.com\/dvwps\/wp-content\/uploads\/2025\/12\/Charla-Flotilla-CSR-Gamonal-1086x1536.jpeg 1086w, https:\/\/diariodevurgos.com\/dvwps\/wp-content\/uploads\/2025\/12\/Charla-Flotilla-CSR-Gamonal-370x523.jpeg 370w, https:\/\/diariodevurgos.com\/dvwps\/wp-content\/uploads\/2025\/12\/Charla-Flotilla-CSR-Gamonal.jpeg 1131w\" sizes=\"(max-width: 517px) 100vw, 517px\" \/><\/p>\n","protected":false},"excerpt":{"rendered":"<p>El pr\u00f3ximo s\u00e1bado 13 de diciembre el Centro Social Recuperado de Gamonal acoger\u00e1 el desarrollo de una charla que, bajo el t\u00edtulo Una experiencia en primera persona en la Global Sumud, recoger\u00e1 el testimonio personal de una activista participante en la Global Sumud Flotilla que el pasado mes de octubre intent\u00f3 llegar a Gaza en&#8230;  <a href=\"https:\/\/diariodevurgos.com\/dvwps\/experiencia-en-primera-persona-en-la-flotilla-global-sumud-charla-en-csr-gamonal.php\" class=\"more-link\" title=\"Read Experiencia en primera persona en la flotilla Global Sumud: charla en CSR Gamonal\">Read more &raquo;<\/a><\/p>\n","protected":false},"author":2,"featured_media":25653,"comment_status":"open","ping_status":"closed","sticky":false,"template":"","format":"standard","meta":[],"categories":[2,78,14,27,24],"tags":[],"_links":{"self":[{"href":"https:\/\/diariodevurgos.com\/dvwps\/wp-json\/wp\/v2\/posts\/25652"}],"collection":[{"href":"https:\/\/diariodevurgos.com\/dvwps\/wp-json\/wp\/v2\/posts"}],"about":[{"href":"https:\/\/diariodevurgos.com\/dvwps\/wp-json\/wp\/v2\/types\/post"}],"author":[{"embeddable":true,"href":"https:\/\/diariodevurgos.com\/dvwps\/wp-json\/wp\/v2\/users\/2"}],"replies":[{"embeddable":true,"href":"https:\/\/diariodevurgos.com\/dvwps\/wp-json\/wp\/v2\/comments?post=25652"}],"version-history":[{"count":1,"href":"https:\/\/diariodevurgos.com\/dvwps\/wp-json\/wp\/v2\/posts\/25652\/revisions"}],"predecessor-version":[{"id":25654,"href":"https:\/\/diariodevurgos.com\/dvwps\/wp-json\/wp\/v2\/posts\/25652\/revisions\/25654"}],"wp:featuredmedia":[{"embeddable":true,"href":"https:\/\/diariodevurgos.com\/dvwps\/wp-json\/wp\/v2\/media\/25653"}],"wp:attachment":[{"href":"https:\/\/diariodevurgos.com\/dvwps\/wp-json\/wp\/v2\/media?parent=25652"}],"wp:term":[{"taxonomy":"category","embeddable":true,"href":"https:\/\/diariodevurgos.com\/dvwps\/wp-json\/wp\/v2\/categories?post=25652"},{"taxonomy":"post_tag","embeddable":true,"href":"https:\/\/diariodevurgos.com\/dvwps\/wp-json\/wp\/v2\/tags?post=25652"}],"curies":[{"name":"wp","href":"https:\/\/api.w.org\/{rel}","templated":true}]}}