{"id":25655,"date":"2025-12-06T08:38:23","date_gmt":"2025-12-06T07:38:23","guid":{"rendered":"https:\/\/diariodevurgos.com\/dvwps\/?p=25655"},"modified":"2025-12-06T08:39:32","modified_gmt":"2025-12-06T07:39:32","slug":"xxiii-encuentro-del-libro-anarquista-de-madrid","status":"publish","type":"post","link":"https:\/\/diariodevurgos.com\/dvwps\/xxiii-encuentro-del-libro-anarquista-de-madrid.php","title":{"rendered":"XXIII Encuentro del Libro Anarquista de Madrid"},"content":{"rendered":"<p align=\"justify\" class=\"lead\"><span style=\"font-family: Arial, sans-serif;\">Durante el presente fin de semana <strong>del 5 al 7 de diciembre<\/strong> la <strong>Escuela Popular de Prosperidad<\/strong> acoger\u00e1 el desarrollo del <strong>XXIII Encuentro del Libro de Madrid<\/strong>, una iniciativa que, a\u00f1o tras a\u00f1o, se ha afianzado como referente de la difusi\u00f3n del pensamiento cr\u00edtico y libertario. Para conocer con m\u00e1s detalle el programa puede consultarse <a href=\"https:\/\/encuentrodellibroanarquista.org\/\">la web oficial del encuentro<\/a> y el siguiente cartel informativo.<\/span><\/p>\n<p style=\"text-align: center;\" align=\"justify\"><img loading=\"lazy\" class=\"aligncenter wp-image-25656 size-large\" src=\"http:\/\/diariodevurgos.com\/dvwps\/wp-content\/uploads\/2025\/12\/Cartel-XXIII-Encuentro-Libro-Madrid-726x1024.jpeg\" alt=\"\" width=\"580\" height=\"818\" srcset=\"https:\/\/diariodevurgos.com\/dvwps\/wp-content\/uploads\/2025\/12\/Cartel-XXIII-Encuentro-Libro-Madrid-726x1024.jpeg 726w, https:\/\/diariodevurgos.com\/dvwps\/wp-content\/uploads\/2025\/12\/Cartel-XXIII-Encuentro-Libro-Madrid-213x300.jpeg 213w, https:\/\/diariodevurgos.com\/dvwps\/wp-content\/uploads\/2025\/12\/Cartel-XXIII-Encuentro-Libro-Madrid-768x1083.jpeg 768w, https:\/\/diariodevurgos.com\/dvwps\/wp-content\/uploads\/2025\/12\/Cartel-XXIII-Encuentro-Libro-Madrid-370x522.jpeg 370w, https:\/\/diariodevurgos.com\/dvwps\/wp-content\/uploads\/2025\/12\/Cartel-XXIII-Encuentro-Libro-Madrid.jpeg 907w\" sizes=\"(max-width: 580px) 100vw, 580px\" \/><\/p>\n","protected":false},"excerpt":{"rendered":"<p>Durante el presente fin de semana del 5 al 7 de diciembre la Escuela Popular de Prosperidad acoger\u00e1 el desarrollo del XXIII Encuentro del Libro de Madrid, una iniciativa que, a\u00f1o tras a\u00f1o, se ha afianzado como referente de la difusi\u00f3n del pensamiento cr\u00edtico y libertario. Para conocer con m\u00e1s detalle el programa puede consultarse&#8230;  <a href=\"https:\/\/diariodevurgos.com\/dvwps\/xxiii-encuentro-del-libro-anarquista-de-madrid.php\" class=\"more-link\" title=\"Read XXIII Encuentro del Libro Anarquista de Madrid\">Read more &raquo;<\/a><\/p>\n","protected":false},"author":2,"featured_media":25656,"comment_status":"open","ping_status":"closed","sticky":false,"template":"","format":"standard","meta":[],"categories":[112,14,49,8,23],"tags":[],"_links":{"self":[{"href":"https:\/\/diariodevurgos.com\/dvwps\/wp-json\/wp\/v2\/posts\/25655"}],"collection":[{"href":"https:\/\/diariodevurgos.com\/dvwps\/wp-json\/wp\/v2\/posts"}],"about":[{"href":"https:\/\/diariodevurgos.com\/dvwps\/wp-json\/wp\/v2\/types\/post"}],"author":[{"embeddable":true,"href":"https:\/\/diariodevurgos.com\/dvwps\/wp-json\/wp\/v2\/users\/2"}],"replies":[{"embeddable":true,"href":"https:\/\/diariodevurgos.com\/dvwps\/wp-json\/wp\/v2\/comments?post=25655"}],"version-history":[{"count":1,"href":"https:\/\/diariodevurgos.com\/dvwps\/wp-json\/wp\/v2\/posts\/25655\/revisions"}],"predecessor-version":[{"id":25657,"href":"https:\/\/diariodevurgos.com\/dvwps\/wp-json\/wp\/v2\/posts\/25655\/revisions\/25657"}],"wp:featuredmedia":[{"embeddable":true,"href":"https:\/\/diariodevurgos.com\/dvwps\/wp-json\/wp\/v2\/media\/25656"}],"wp:attachment":[{"href":"https:\/\/diariodevurgos.com\/dvwps\/wp-json\/wp\/v2\/media?parent=25655"}],"wp:term":[{"taxonomy":"category","embeddable":true,"href":"https:\/\/diariodevurgos.com\/dvwps\/wp-json\/wp\/v2\/categories?post=25655"},{"taxonomy":"post_tag","embeddable":true,"href":"https:\/\/diariodevurgos.com\/dvwps\/wp-json\/wp\/v2\/tags?post=25655"}],"curies":[{"name":"wp","href":"https:\/\/api.w.org\/{rel}","templated":true}]}}