{"id":25687,"date":"2026-01-16T07:54:40","date_gmt":"2026-01-16T06:54:40","guid":{"rendered":"https:\/\/diariodevurgos.com\/dvwps\/?p=25687"},"modified":"2026-01-16T13:16:29","modified_gmt":"2026-01-16T12:16:29","slug":"se-ha-ido-angel-barredo-relojero-libertario-y-vecino-de-gamonal","status":"publish","type":"post","link":"https:\/\/diariodevurgos.com\/dvwps\/se-ha-ido-angel-barredo-relojero-libertario-y-vecino-de-gamonal.php","title":{"rendered":"Se ha ido \u00c1ngel Barredo, relojero, libertario y vecino de Gamonal"},"content":{"rendered":"<p class=\"lead\">Ayer, 15 de enero de enero de 2026, falleci\u00f3 <strong>\u00c1ngel Barredo,<\/strong> compa\u00f1ero libertario y persona fundamental en las luchas sociales de Burgos y Gamonal desde finales de los a\u00f1os 70 hasta el presente, pero sobre todo, un ser de coraz\u00f3n inabarcable.<!--more--><\/p>\n<p>Tras varios a\u00f1os de padecimiento de un enfermedad pulmonar, ayer, 15 de enero de 2026, nos dej\u00f3 <strong>Jos\u00e9 \u00c1ngel Barredo<\/strong>. Ten\u00eda 83 a\u00f1os y pas\u00f3 toda su vida luchando por construir un mundo mejor donde imperasen los ideales de justicia social y la libertad. Hablar de Barredo es hablar de compromiso, militancia y amistad. Su p\u00e9rdida deja un gran vac\u00edo en los corazones de todos aquellos con los que comparti\u00f3 las alegr\u00edas y los sin sabores que albergan todas esas cosas por las que merece la pena pelear. Hablar de Barredo es tambi\u00e9n hablar de Gamonal, el barrio al que en 1968 se traslad\u00f3 a vivir desde su pueblo natal en la Monta\u00f1a Palentina.<\/p>\n<p style=\"text-align: center;\"><img loading=\"lazy\" class=\"aligncenter wp-image-25690 \" src=\"http:\/\/diariodevurgos.com\/dvwps\/wp-content\/uploads\/2026\/01\/Barredo-CYFISA-1024x576.jpg\" alt=\"\" width=\"592\" height=\"333\" srcset=\"https:\/\/diariodevurgos.com\/dvwps\/wp-content\/uploads\/2026\/01\/Barredo-CYFISA-1024x576.jpg 1024w, https:\/\/diariodevurgos.com\/dvwps\/wp-content\/uploads\/2026\/01\/Barredo-CYFISA-300x169.jpg 300w, https:\/\/diariodevurgos.com\/dvwps\/wp-content\/uploads\/2026\/01\/Barredo-CYFISA-768x432.jpg 768w, https:\/\/diariodevurgos.com\/dvwps\/wp-content\/uploads\/2026\/01\/Barredo-CYFISA-1536x864.jpg 1536w, https:\/\/diariodevurgos.com\/dvwps\/wp-content\/uploads\/2026\/01\/Barredo-CYFISA-370x208.jpg 370w, https:\/\/diariodevurgos.com\/dvwps\/wp-content\/uploads\/2026\/01\/Barredo-CYFISA.jpg 1920w\" sizes=\"(max-width: 592px) 100vw, 592px\" \/><\/p>\n<p style=\"text-align: center;\">\u00c1ngel Barredo en el documental <a href=\"https:\/\/ondaexpansiva.net\/1980\/\"><em>CYFISA. Ma\u00f1ana ser\u00e1s t\u00fa<\/em><\/a><\/p>\n<p>Lo suyo con Gamonal, y sobre todo <a href=\"https:\/\/ondaexpansiva.net\/los-disturbios-vuelven-a-gamonal-en-un-nuevo-conflicto-contra-la-especulacion-urbanistica-en-burgos\/\">con sus luchas vecinales y obreras<\/a>, fue amor a primera vista, algo que supo transmitir a todos aquellos que tuvimos la suerte de conocerlo y nos dejamos contagiar de su pasi\u00f3n infinita. Junto con su gran amigo <strong>Virgilio Mazuela<\/strong> fund\u00f3 en abril de 1976 el<a href=\"http:\/\/Se ha ido \u00c1ngel Barredo, relojero, libertario y vecino de Gamonal\" data-wplink-url-error=\"true\"> Ateneo Popular \u201cLos Otros&#8221;<\/a>, proyecto con el que se trat\u00f3 de llevar la cultura y el pensamiento cr\u00edtico a un barrio olvidado por los poderes institucionales para quienes sus habitantes eran solo mano de obra barata. Y por eso mismo, hablar de Barredo es hablar de <strong>CYFISA,<\/strong> la f\u00e1brica en la que desde mayo de 1978 hasta noviembre de 1979 se hizo frente al cierre patronal a trav\u00e9s de un proceso de autogesti\u00f3n que es narrado en el documental documental <a href=\"https:\/\/www.youtube.com\/watch?v=KhXFbXq0ous\"><em>Ma\u00f1ana ser\u00e1s t\u00fa.<\/em><\/a><\/p>\n<p style=\"text-align: center;\"><img loading=\"lazy\" class=\"alignnone wp-image-25688 \" src=\"http:\/\/diariodevurgos.com\/dvwps\/wp-content\/uploads\/2026\/01\/Pag.46-1024x992.jpg\" alt=\"\" width=\"620\" height=\"601\" srcset=\"https:\/\/diariodevurgos.com\/dvwps\/wp-content\/uploads\/2026\/01\/Pag.46-1024x992.jpg 1024w, https:\/\/diariodevurgos.com\/dvwps\/wp-content\/uploads\/2026\/01\/Pag.46-300x291.jpg 300w, https:\/\/diariodevurgos.com\/dvwps\/wp-content\/uploads\/2026\/01\/Pag.46-768x744.jpg 768w, https:\/\/diariodevurgos.com\/dvwps\/wp-content\/uploads\/2026\/01\/Pag.46-370x358.jpg 370w, https:\/\/diariodevurgos.com\/dvwps\/wp-content\/uploads\/2026\/01\/Pag.46.jpg 1219w\" sizes=\"(max-width: 620px) 100vw, 620px\" \/><\/p>\n<p style=\"text-align: center;\">\u00c1ngel Barredo en el c\u00f3mic <a href=\"https:\/\/gamonalnovelagrafica.net\/\"><em>Gamonal. En el eco de un mismo recuerdo<\/em><\/a><\/p>\n<p>Barredo nos ha dejado justo en el momento en el que se cumple el<a href=\"https:\/\/csrgamonal.ga\/2026\/01\/04\/xii-aniversario-de-la-lucha-contra-el-bulevar-y-la-okupacion-del-csr-gamonal\/\"> XII aniversario de la revuelta de Gamonal contra la construcci\u00f3n de aquel bulevar<\/a> que algunos ahora quieren volver a sacar a la palestra. En aquellas <strong>jornadas de enero de 2014<\/strong><a href=\"https:\/\/vimeo.com\/292580088?fl=pl&amp;fe=ti\"> Barredo brill\u00f3 con luz propia convirti\u00e9ndose en un referente para las miles de personas que salieron a la calle<\/a>. \u00c9l mismo contaba que, cuando le llamaron para dar una charla en Palencia para explicar qu\u00e9 estaba pasando en Gamonal, se encontr\u00f3 una pintada en una sucursal bancaria de la vecina ciudad en la que se pod\u00eda leer solo una frase: <strong><em>Paremos el reloj<\/em><\/strong>. Un mensaje que, seg\u00fan \u00e9l mismo nos relataba hace unos d\u00edas, le marc\u00f3 profundamente. Y no tanto porque, al igual que su abuelo, su padre y ahora sus hijos, \u00e9l mismo fuese relojero de profesi\u00f3n, sino porque aquella frase encerraba un mensaje importante: el tiempo no se puede parar, pero s\u00ed podemos hacer que se detenga la forma en la que este mundo nos impone su dominaci\u00f3n. Barredo trat\u00f3 durante toda su vida de plantar la semilla de un mundo nuevo, una semilla que crece ya en nuestros corazones, y que \u00e9l mismo riega desde aquel lugar donde le aguarda su gran amigo Virgilio. No me cabe duda de que cuando se encuentren de nuevo este \u00faltimo exclamar\u00e1:\u00a0 -joder, Barredo, \u00bft\u00fa tambi\u00e9n por aqu\u00ed? \u00a1Se est\u00e1 muriendo gente que no se hab\u00eda muerto nunca!<\/p>\n<p>Que la tierra te sea leve compa\u00f1ero,<br \/>\n<em>\u00a1Paremos el reloj!<\/em><\/p>\n","protected":false},"excerpt":{"rendered":"<p>Ayer, 15 de enero de enero de 2026, falleci\u00f3 \u00c1ngel Barredo, compa\u00f1ero libertario y persona fundamental en las luchas sociales de Burgos y Gamonal desde finales de los a\u00f1os 70 hasta el presente, pero sobre todo, un ser de coraz\u00f3n inabarcable.<\/p>\n","protected":false},"author":2,"featured_media":25690,"comment_status":"open","ping_status":"closed","sticky":false,"template":"","format":"standard","meta":[],"categories":[2,27,49],"tags":[],"_links":{"self":[{"href":"https:\/\/diariodevurgos.com\/dvwps\/wp-json\/wp\/v2\/posts\/25687"}],"collection":[{"href":"https:\/\/diariodevurgos.com\/dvwps\/wp-json\/wp\/v2\/posts"}],"about":[{"href":"https:\/\/diariodevurgos.com\/dvwps\/wp-json\/wp\/v2\/types\/post"}],"author":[{"embeddable":true,"href":"https:\/\/diariodevurgos.com\/dvwps\/wp-json\/wp\/v2\/users\/2"}],"replies":[{"embeddable":true,"href":"https:\/\/diariodevurgos.com\/dvwps\/wp-json\/wp\/v2\/comments?post=25687"}],"version-history":[{"count":6,"href":"https:\/\/diariodevurgos.com\/dvwps\/wp-json\/wp\/v2\/posts\/25687\/revisions"}],"predecessor-version":[{"id":25697,"href":"https:\/\/diariodevurgos.com\/dvwps\/wp-json\/wp\/v2\/posts\/25687\/revisions\/25697"}],"wp:featuredmedia":[{"embeddable":true,"href":"https:\/\/diariodevurgos.com\/dvwps\/wp-json\/wp\/v2\/media\/25690"}],"wp:attachment":[{"href":"https:\/\/diariodevurgos.com\/dvwps\/wp-json\/wp\/v2\/media?parent=25687"}],"wp:term":[{"taxonomy":"category","embeddable":true,"href":"https:\/\/diariodevurgos.com\/dvwps\/wp-json\/wp\/v2\/categories?post=25687"},{"taxonomy":"post_tag","embeddable":true,"href":"https:\/\/diariodevurgos.com\/dvwps\/wp-json\/wp\/v2\/tags?post=25687"}],"curies":[{"name":"wp","href":"https:\/\/api.w.org\/{rel}","templated":true}]}}