{"id":25701,"date":"2026-01-24T09:49:20","date_gmt":"2026-01-24T08:49:20","guid":{"rendered":"https:\/\/diariodevurgos.com\/dvwps\/?p=25701"},"modified":"2026-01-24T09:49:21","modified_gmt":"2026-01-24T08:49:21","slug":"iv-fiestas-autogestionadas-de-las-candelas-en-gamonal","status":"publish","type":"post","link":"https:\/\/diariodevurgos.com\/dvwps\/iv-fiestas-autogestionadas-de-las-candelas-en-gamonal.php","title":{"rendered":"IV Fiestas Autogestionadas de las Candelas en Gamonal"},"content":{"rendered":"<p class=\"lead\">Una a\u00f1o m\u00e1s, y ya van cuatro, desde el <a href=\"https:\/\/csrgamonal.ga\/\">Centro Social Recuperado de Gamonal<\/a> se pone en marcha una nueva edici\u00f3n de las <a href=\"https:\/\/csrgamonal.ga\/2026\/01\/22\/iv-fiestas-autogestionadas-de-las-candelas-2\/\">Fiestas Autogestionadas de las las Candelas<\/a>. Una iniciativa que surge ante la necesidad de llevar acabo unas fiestas populares en Gamonal a trav\u00e9s de herramientas cono la autogesti\u00f3n y la independencia respecto a las subvenciones institucionales. Una experiencia que hunde sus ra\u00edces en la revuelta de 2014 cuando el ayuntamiento de Burgos cancel\u00f3 de forma unilateral las fiestas de las Candelas tras las protestas contra el bulevar y, gracias al apoyo y la movilizaci\u00f3n popular, <a href=\"https:\/\/diariodevurgos.com\/dvwps\/la-auto-organizacion-saca-adelante-las-fiestas-de-las-candelas.php\">est\u00e1s fueron sacadas adelante a trav\u00e9s de la autogesti\u00f3n.<\/a><\/p>\n<p>El programa de estas <strong>IV Fiestas Autogestionadas de las Candelas<\/strong> se desarrollar\u00e1 durante el viernes 30 y el s\u00e1bado 31 de enero y contar\u00e1 con varios conciertos y actuaciones musicales para todos los p\u00fablicos. El <strong>viernes 30 de enero<\/strong>, a partir de las <strong>19:00 horas<\/strong>, el <strong>CSR<\/strong> acoger\u00e1 el concierto did\u00e1ctico <a href=\"https:\/\/neonymus.com\/es\/c\/didacticos\"><em>Historia inventada de la m\u00fasica inventada<\/em> <\/a>que surge propuesta familiar del polifac\u00e9tico artista <a href=\"https:\/\/neonymus.com\/es\/musica\/\">Neonymus<\/a>. Por su parte, el <strong>s\u00e1bado 31 de enero<\/strong>, a partir de las <strong>21:00 horas<\/strong>, llegar\u00e1 el turno de los amantes del punk-rock y la m\u00fasica m\u00e1s ca\u00f1era con las bandas burgalesas <strong>RAID<\/strong>, <strong>GJR<\/strong> y <strong>TRIAJE<\/strong>. Como de costumbre en el CSR, la entrada es libre y gratuita hasta completar el aforo.<\/p>\n<p style=\"text-align: center;\"><img loading=\"lazy\" class=\"aligncenter wp-image-25702 \" src=\"http:\/\/diariodevurgos.com\/dvwps\/wp-content\/uploads\/2026\/01\/IV-Candelas-Autogestionadas-724x1024.png\" alt=\"\" width=\"499\" height=\"705\" srcset=\"https:\/\/diariodevurgos.com\/dvwps\/wp-content\/uploads\/2026\/01\/IV-Candelas-Autogestionadas-724x1024.png 724w, https:\/\/diariodevurgos.com\/dvwps\/wp-content\/uploads\/2026\/01\/IV-Candelas-Autogestionadas-212x300.png 212w, https:\/\/diariodevurgos.com\/dvwps\/wp-content\/uploads\/2026\/01\/IV-Candelas-Autogestionadas-768x1086.png 768w, https:\/\/diariodevurgos.com\/dvwps\/wp-content\/uploads\/2026\/01\/IV-Candelas-Autogestionadas-1086x1536.png 1086w, https:\/\/diariodevurgos.com\/dvwps\/wp-content\/uploads\/2026\/01\/IV-Candelas-Autogestionadas-370x523.png 370w, https:\/\/diariodevurgos.com\/dvwps\/wp-content\/uploads\/2026\/01\/IV-Candelas-Autogestionadas.png 1131w\" sizes=\"(max-width: 499px) 100vw, 499px\" \/><\/p>\n","protected":false},"excerpt":{"rendered":"<p>Una a\u00f1o m\u00e1s, y ya van cuatro, desde el Centro Social Recuperado de Gamonal se pone en marcha una nueva edici\u00f3n de las Fiestas Autogestionadas de las las Candelas. Una iniciativa que surge ante la necesidad de llevar acabo unas fiestas populares en Gamonal a trav\u00e9s de herramientas cono la autogesti\u00f3n y la independencia respecto&#8230;  <a href=\"https:\/\/diariodevurgos.com\/dvwps\/iv-fiestas-autogestionadas-de-las-candelas-en-gamonal.php\" class=\"more-link\" title=\"Read IV Fiestas Autogestionadas de las Candelas en Gamonal\">Read more &raquo;<\/a><\/p>\n","protected":false},"author":2,"featured_media":25702,"comment_status":"open","ping_status":"closed","sticky":false,"template":"","format":"standard","meta":[],"categories":[2,78,103,14,27,16],"tags":[],"_links":{"self":[{"href":"https:\/\/diariodevurgos.com\/dvwps\/wp-json\/wp\/v2\/posts\/25701"}],"collection":[{"href":"https:\/\/diariodevurgos.com\/dvwps\/wp-json\/wp\/v2\/posts"}],"about":[{"href":"https:\/\/diariodevurgos.com\/dvwps\/wp-json\/wp\/v2\/types\/post"}],"author":[{"embeddable":true,"href":"https:\/\/diariodevurgos.com\/dvwps\/wp-json\/wp\/v2\/users\/2"}],"replies":[{"embeddable":true,"href":"https:\/\/diariodevurgos.com\/dvwps\/wp-json\/wp\/v2\/comments?post=25701"}],"version-history":[{"count":1,"href":"https:\/\/diariodevurgos.com\/dvwps\/wp-json\/wp\/v2\/posts\/25701\/revisions"}],"predecessor-version":[{"id":25703,"href":"https:\/\/diariodevurgos.com\/dvwps\/wp-json\/wp\/v2\/posts\/25701\/revisions\/25703"}],"wp:featuredmedia":[{"embeddable":true,"href":"https:\/\/diariodevurgos.com\/dvwps\/wp-json\/wp\/v2\/media\/25702"}],"wp:attachment":[{"href":"https:\/\/diariodevurgos.com\/dvwps\/wp-json\/wp\/v2\/media?parent=25701"}],"wp:term":[{"taxonomy":"category","embeddable":true,"href":"https:\/\/diariodevurgos.com\/dvwps\/wp-json\/wp\/v2\/categories?post=25701"},{"taxonomy":"post_tag","embeddable":true,"href":"https:\/\/diariodevurgos.com\/dvwps\/wp-json\/wp\/v2\/tags?post=25701"}],"curies":[{"name":"wp","href":"https:\/\/api.w.org\/{rel}","templated":true}]}}