{"id":25774,"date":"2026-03-09T14:21:57","date_gmt":"2026-03-09T13:21:57","guid":{"rendered":"https:\/\/diariodevurgos.com\/dvwps\/?p=25774"},"modified":"2026-03-09T14:21:59","modified_gmt":"2026-03-09T13:21:59","slug":"presentacion-de-el-sotano-en-la-biblioteca-la-maldita","status":"publish","type":"post","link":"https:\/\/diariodevurgos.com\/dvwps\/presentacion-de-el-sotano-en-la-biblioteca-la-maldita.php","title":{"rendered":"Presentaci\u00f3n de \u201cEl S\u00f3tano\u201d en la Biblioteca La Maldita"},"content":{"rendered":"<p class=\"lead\">El pr\u00f3ximo <strong>jueves 12 de marzo<\/strong> la <strong>Biblioteca La Maldita de Gamonal<\/strong> acoger\u00e1 la primera sesi\u00f3n de <em><strong>Vi\u00f1etas &amp; Subversi\u00f3n<\/strong><\/em>, las <strong>III Jornadas de C\u00f3mic Social y libertario de Burgos<\/strong>, con la presentaci\u00f3n de <strong><em>El s\u00f3tano<\/em> <\/strong>a partir de las <strong>19:00 horas.<\/strong><\/p>\n<p><a href=\"https:\/\/viruseditorial.net\/libreria\/el-sotano\/\"><em>El S\u00f3tano<\/em><\/a> es un c\u00f3mic con el que nos sumergimos en la historia de los \u00faltimos maquis que combatieron en Sierra Nevada. La anta\u00f1o poderosa Agrupaci\u00f3n guerrillera de Granada y M\u00e1laga, por la que han pasado cientos de combatientes, se desmorona sin remedio. Los \u00faltimos guerrilleros son perseguidos por la Guardia Civil, que ha desplegado unidades especializadas por todo el sureste andaluz. La \u00fanica esperanza de los supervivientes es alcanzar la lejana frontera con Francia. Contaremos con la presencia de <strong>Ib\u00e1n Diaz<\/strong>, profesor de Geograf\u00eda en la Universidad de Sevilla e ilustrador, autor tambi\u00e9n de otros c\u00f3mics como <em>Los Pistoleros<\/em> donde aborda la conflictividad social de la Sevilla de los a\u00f1os 20.<\/p>\n<p style=\"text-align: center;\"><img loading=\"lazy\" class=\"aligncenter wp-image-25775 \" src=\"http:\/\/diariodevurgos.com\/dvwps\/wp-content\/uploads\/2026\/03\/El-sotano-819x1024.jpeg\" alt=\"\" width=\"413\" height=\"516\" srcset=\"https:\/\/diariodevurgos.com\/dvwps\/wp-content\/uploads\/2026\/03\/El-sotano-819x1024.jpeg 819w, https:\/\/diariodevurgos.com\/dvwps\/wp-content\/uploads\/2026\/03\/El-sotano-240x300.jpeg 240w, https:\/\/diariodevurgos.com\/dvwps\/wp-content\/uploads\/2026\/03\/El-sotano-768x960.jpeg 768w, https:\/\/diariodevurgos.com\/dvwps\/wp-content\/uploads\/2026\/03\/El-sotano-370x463.jpeg 370w, https:\/\/diariodevurgos.com\/dvwps\/wp-content\/uploads\/2026\/03\/El-sotano.jpeg 1080w\" sizes=\"(max-width: 413px) 100vw, 413px\" \/><\/p>\n","protected":false},"excerpt":{"rendered":"<p>El pr\u00f3ximo jueves 12 de marzo la Biblioteca La Maldita de Gamonal acoger\u00e1 la primera sesi\u00f3n de Vi\u00f1etas &amp; Subversi\u00f3n, las III Jornadas de C\u00f3mic Social y libertario de Burgos, con la presentaci\u00f3n de El s\u00f3tano a partir de las 19:00 horas. El S\u00f3tano es un c\u00f3mic con el que nos sumergimos en la historia&#8230;  <a href=\"https:\/\/diariodevurgos.com\/dvwps\/presentacion-de-el-sotano-en-la-biblioteca-la-maldita.php\" class=\"more-link\" title=\"Read Presentaci\u00f3n de \u201cEl S\u00f3tano\u201d en la Biblioteca La Maldita\">Read more &raquo;<\/a><\/p>\n","protected":false},"author":2,"featured_media":25775,"comment_status":"open","ping_status":"closed","sticky":false,"template":"","format":"standard","meta":[],"categories":[2,73,14,27,6,8],"tags":[],"_links":{"self":[{"href":"https:\/\/diariodevurgos.com\/dvwps\/wp-json\/wp\/v2\/posts\/25774"}],"collection":[{"href":"https:\/\/diariodevurgos.com\/dvwps\/wp-json\/wp\/v2\/posts"}],"about":[{"href":"https:\/\/diariodevurgos.com\/dvwps\/wp-json\/wp\/v2\/types\/post"}],"author":[{"embeddable":true,"href":"https:\/\/diariodevurgos.com\/dvwps\/wp-json\/wp\/v2\/users\/2"}],"replies":[{"embeddable":true,"href":"https:\/\/diariodevurgos.com\/dvwps\/wp-json\/wp\/v2\/comments?post=25774"}],"version-history":[{"count":1,"href":"https:\/\/diariodevurgos.com\/dvwps\/wp-json\/wp\/v2\/posts\/25774\/revisions"}],"predecessor-version":[{"id":25776,"href":"https:\/\/diariodevurgos.com\/dvwps\/wp-json\/wp\/v2\/posts\/25774\/revisions\/25776"}],"wp:featuredmedia":[{"embeddable":true,"href":"https:\/\/diariodevurgos.com\/dvwps\/wp-json\/wp\/v2\/media\/25775"}],"wp:attachment":[{"href":"https:\/\/diariodevurgos.com\/dvwps\/wp-json\/wp\/v2\/media?parent=25774"}],"wp:term":[{"taxonomy":"category","embeddable":true,"href":"https:\/\/diariodevurgos.com\/dvwps\/wp-json\/wp\/v2\/categories?post=25774"},{"taxonomy":"post_tag","embeddable":true,"href":"https:\/\/diariodevurgos.com\/dvwps\/wp-json\/wp\/v2\/tags?post=25774"}],"curies":[{"name":"wp","href":"https:\/\/api.w.org\/{rel}","templated":true}]}}