{"id":25777,"date":"2026-03-09T14:29:16","date_gmt":"2026-03-09T13:29:16","guid":{"rendered":"https:\/\/diariodevurgos.com\/dvwps\/?p=25777"},"modified":"2026-03-09T14:29:26","modified_gmt":"2026-03-09T13:29:26","slug":"presentacion-del-comic-historias-del-punk-en-el-csr-gamonal","status":"publish","type":"post","link":"https:\/\/diariodevurgos.com\/dvwps\/presentacion-del-comic-historias-del-punk-en-el-csr-gamonal.php","title":{"rendered":"Presentaci\u00f3n del c\u00f3mic \u201cHistorias del Punk\u201d en el CSR Gamonal"},"content":{"rendered":"<p class=\"lead\">El <strong>viernes 13 de marzo<\/strong> tendr\u00e1 lugar en el <strong>CSR Gamonal<\/strong> la segunda sesi\u00f3n de <strong><em>Vi\u00f1etas &amp; Subversi\u00f3n<\/em> <\/strong>con la presentaci\u00f3n de <em><strong>Historias del punk<\/strong> <\/em>a partir de las<strong> 19:00 horas.<\/strong><\/p>\n<p><a href=\"https:\/\/www.grafitoeditorial.com\/producto\/historias-del-punk\/\"><em>Historias del punk<\/em><\/a> es un tebeo en el que <strong>Carlos Azagra<\/strong> y <strong>Encarna Revuelta<\/strong>, un t\u00e1ndem creativo que ha dado a la luz novelas gr\u00e1ficas como <em>Pepe Buenaventura Durruti<\/em> o <em>El \u00faltimo aragon\u00e9s vivo<\/em>, han encargado a sus personajes Pedro Pico y Pico Vena que den un buen repaso a la historia del punk ib\u00e9rico. Un viaje a pie por la memoria cruzando a trav\u00e9s de eventos, conciertos, festivales, an\u00e9cdotas bien jugosas, estilos y una barbaridad de grupos metiendo ca\u00f1a. Porque como bien dicen ellos mismos\u2026 \u201cSi no somos nosotros los que contamos la historia\u2026 alguien la contar\u00e1. Y seguramente mal.\u201d<\/p>\n<p style=\"text-align: center;\"><img loading=\"lazy\" class=\"aligncenter wp-image-25778 \" src=\"http:\/\/diariodevurgos.com\/dvwps\/wp-content\/uploads\/2026\/03\/Historias-del-punk-819x1024.jpeg\" alt=\"\" width=\"535\" height=\"669\" srcset=\"https:\/\/diariodevurgos.com\/dvwps\/wp-content\/uploads\/2026\/03\/Historias-del-punk-819x1024.jpeg 819w, https:\/\/diariodevurgos.com\/dvwps\/wp-content\/uploads\/2026\/03\/Historias-del-punk-240x300.jpeg 240w, https:\/\/diariodevurgos.com\/dvwps\/wp-content\/uploads\/2026\/03\/Historias-del-punk-768x960.jpeg 768w, https:\/\/diariodevurgos.com\/dvwps\/wp-content\/uploads\/2026\/03\/Historias-del-punk-370x463.jpeg 370w, https:\/\/diariodevurgos.com\/dvwps\/wp-content\/uploads\/2026\/03\/Historias-del-punk.jpeg 1080w\" sizes=\"(max-width: 535px) 100vw, 535px\" \/><\/p>\n","protected":false},"excerpt":{"rendered":"<p>El viernes 13 de marzo tendr\u00e1 lugar en el CSR Gamonal la segunda sesi\u00f3n de Vi\u00f1etas &amp; Subversi\u00f3n con la presentaci\u00f3n de Historias del punk a partir de las 19:00 horas. Historias del punk es un tebeo en el que Carlos Azagra y Encarna Revuelta, un t\u00e1ndem creativo que ha dado a la luz novelas&#8230;  <a href=\"https:\/\/diariodevurgos.com\/dvwps\/presentacion-del-comic-historias-del-punk-en-el-csr-gamonal.php\" class=\"more-link\" title=\"Read Presentaci\u00f3n del c\u00f3mic \u201cHistorias del Punk\u201d en el CSR Gamonal\">Read more &raquo;<\/a><\/p>\n","protected":false},"author":2,"featured_media":25778,"comment_status":"open","ping_status":"closed","sticky":false,"template":"","format":"standard","meta":[],"categories":[2,73,78,14,1,6,16,8],"tags":[],"_links":{"self":[{"href":"https:\/\/diariodevurgos.com\/dvwps\/wp-json\/wp\/v2\/posts\/25777"}],"collection":[{"href":"https:\/\/diariodevurgos.com\/dvwps\/wp-json\/wp\/v2\/posts"}],"about":[{"href":"https:\/\/diariodevurgos.com\/dvwps\/wp-json\/wp\/v2\/types\/post"}],"author":[{"embeddable":true,"href":"https:\/\/diariodevurgos.com\/dvwps\/wp-json\/wp\/v2\/users\/2"}],"replies":[{"embeddable":true,"href":"https:\/\/diariodevurgos.com\/dvwps\/wp-json\/wp\/v2\/comments?post=25777"}],"version-history":[{"count":2,"href":"https:\/\/diariodevurgos.com\/dvwps\/wp-json\/wp\/v2\/posts\/25777\/revisions"}],"predecessor-version":[{"id":25780,"href":"https:\/\/diariodevurgos.com\/dvwps\/wp-json\/wp\/v2\/posts\/25777\/revisions\/25780"}],"wp:featuredmedia":[{"embeddable":true,"href":"https:\/\/diariodevurgos.com\/dvwps\/wp-json\/wp\/v2\/media\/25778"}],"wp:attachment":[{"href":"https:\/\/diariodevurgos.com\/dvwps\/wp-json\/wp\/v2\/media?parent=25777"}],"wp:term":[{"taxonomy":"category","embeddable":true,"href":"https:\/\/diariodevurgos.com\/dvwps\/wp-json\/wp\/v2\/categories?post=25777"},{"taxonomy":"post_tag","embeddable":true,"href":"https:\/\/diariodevurgos.com\/dvwps\/wp-json\/wp\/v2\/tags?post=25777"}],"curies":[{"name":"wp","href":"https:\/\/api.w.org\/{rel}","templated":true}]}}