{"id":25835,"date":"2026-04-27T06:41:56","date_gmt":"2026-04-27T04:41:56","guid":{"rendered":"https:\/\/diariodevurgos.com\/dvwps\/?p=25835"},"modified":"2026-04-27T06:41:57","modified_gmt":"2026-04-27T04:41:57","slug":"asamblea-vecinal-por-la-defensa-del-parque-buenavista","status":"publish","type":"post","link":"https:\/\/diariodevurgos.com\/dvwps\/asamblea-vecinal-por-la-defensa-del-parque-buenavista.php","title":{"rendered":"Asamblea vecinal por la defensa del parque Buenavista"},"content":{"rendered":"<p class=\"lead\">El ayuntamiento de Burgos ha hecho de nuevo p\u00fablica su intenci\u00f3n de <strong>construir un parking subterr\u00e1neo en el entorno del parque Buenavista.<\/strong> Un proyecto que, adem\u00e1s de traer consigo la privatizaci\u00f3n del suelo p\u00fablico, la introducci\u00f3n de la<strong> ORA<\/strong> y el enriquecimiento de los se\u00f1ores del ladrillo de siempre, supondr\u00e1 <strong>la pr\u00e1ctica destrucci\u00f3n de una de las pocas zonas verdes con las que cuenta Gamonal.<\/strong><\/p>\n<p>Como ya se ha se\u00f1alado en diversas ocasiones, si fue necesaria la movilizaci\u00f3n vecinal para frenar la construcci\u00f3n del parking en altura que el ayuntamiento quer\u00eda construir en la calle Mar\u00eda Amigo, es incluso m\u00e1s necesaria la respuesta frente a <strong>un proyecto que se ha planteado sin contar con el consenso<\/strong> <strong>vecinal<\/strong>, a pesar de que desde el consistorio se quiera vender lo contrario.<\/p>\n<p style=\"text-align: center;\"><img loading=\"lazy\" class=\"aligncenter wp-image-25837 \" src=\"http:\/\/diariodevurgos.com\/dvwps\/wp-content\/uploads\/2026\/04\/Salvemos-el-parque-Buenavista-7-de-mayo.png\" alt=\"\" width=\"500\" height=\"707\" srcset=\"https:\/\/diariodevurgos.com\/dvwps\/wp-content\/uploads\/2026\/04\/Salvemos-el-parque-Buenavista-7-de-mayo.png 724w, https:\/\/diariodevurgos.com\/dvwps\/wp-content\/uploads\/2026\/04\/Salvemos-el-parque-Buenavista-7-de-mayo-212x300.png 212w, https:\/\/diariodevurgos.com\/dvwps\/wp-content\/uploads\/2026\/04\/Salvemos-el-parque-Buenavista-7-de-mayo-370x523.png 370w\" sizes=\"(max-width: 500px) 100vw, 500px\" \/><\/p>\n<p>Frente a la actual amenaza que representa el proyecto especulativo impulsado por el ayuntamiento de Burgos, <strong>proponemos preservar el parque tal y como se encuentra en la actualidad<\/strong> reivindicando su defensa a trav\u00e9s de una asamblea vecinal en la todas las decisiones que afectan al barrio sean tomadas por consenso y no recaigan en l\u00edderes o portavoces. Adem\u00e1s,<strong> exigimos que el ayuntamiento proceda al arreglo de las aceras colindantes al parque<\/strong> y que esta reparaci\u00f3n necesaria no quede supeditada a la construcci\u00f3n del parking subterr\u00e1neo como si de un aut\u00e9ntico chantaje se tratase.<\/p>\n<p style=\"text-align: center;\"><img loading=\"lazy\" class=\"aligncenter wp-image-25836 \" src=\"http:\/\/diariodevurgos.com\/dvwps\/wp-content\/uploads\/2026\/04\/Asamblea-revindicaciones-7-de-mayo.png\" alt=\"\" width=\"510\" height=\"721\" srcset=\"https:\/\/diariodevurgos.com\/dvwps\/wp-content\/uploads\/2026\/04\/Asamblea-revindicaciones-7-de-mayo.png 1131w, https:\/\/diariodevurgos.com\/dvwps\/wp-content\/uploads\/2026\/04\/Asamblea-revindicaciones-7-de-mayo-212x300.png 212w, https:\/\/diariodevurgos.com\/dvwps\/wp-content\/uploads\/2026\/04\/Asamblea-revindicaciones-7-de-mayo-724x1024.png 724w, https:\/\/diariodevurgos.com\/dvwps\/wp-content\/uploads\/2026\/04\/Asamblea-revindicaciones-7-de-mayo-768x1086.png 768w, https:\/\/diariodevurgos.com\/dvwps\/wp-content\/uploads\/2026\/04\/Asamblea-revindicaciones-7-de-mayo-1086x1536.png 1086w, https:\/\/diariodevurgos.com\/dvwps\/wp-content\/uploads\/2026\/04\/Asamblea-revindicaciones-7-de-mayo-370x523.png 370w\" sizes=\"(max-width: 510px) 100vw, 510px\" \/><\/p>\n<p>Frente al ayuntamiento y sus proyectos especulativos proponemos <strong>un barrio que sea habitable<\/strong>, donde existan parques donde encontrarnos entre vecinos y vecinas, donde <strong>hacer comunidad,<\/strong> donde los m\u00e1s peque\u00f1os puedan jugar y donde podamos refugiarnos a la sombra de un gran \u00e1rbol que nos permita respirar en verano, sin tanto asfalto y contaminaci\u00f3n, un espacio saludable. En definitiva: un barrio del buen vivir<\/p>\n<p><strong>\u00a1\u00a1Defendamos el parque Buenavista de la especulaci\u00f3n!! <\/strong><br \/>\n<strong>\u00a1\u00a1No a la ora en Gamonal!!<\/strong><br \/>\n<strong>\u00a1\u00a1No a la tala de los \u00e1rboles del parque Buenavista!!<\/strong><\/p>\n<p style=\"text-align: right;\">Asamblea vecinal, jueves 7 de mayo a las 19:00 horas<\/p>\n<p style=\"text-align: right;\">CSR Gamonal, C\/ Pablo Casals, 3<\/p>\n","protected":false},"excerpt":{"rendered":"<p>El ayuntamiento de Burgos ha hecho de nuevo p\u00fablica su intenci\u00f3n de construir un parking subterr\u00e1neo en el entorno del parque Buenavista. Un proyecto que, adem\u00e1s de traer consigo la privatizaci\u00f3n del suelo p\u00fablico, la introducci\u00f3n de la ORA y el enriquecimiento de los se\u00f1ores del ladrillo de siempre, supondr\u00e1 la pr\u00e1ctica destrucci\u00f3n de una&#8230;  <a href=\"https:\/\/diariodevurgos.com\/dvwps\/asamblea-vecinal-por-la-defensa-del-parque-buenavista.php\" class=\"more-link\" title=\"Read Asamblea vecinal por la defensa del parque Buenavista\">Read more &raquo;<\/a><\/p>\n","protected":false},"author":2,"featured_media":25837,"comment_status":"open","ping_status":"closed","sticky":false,"template":"","format":"standard","meta":[],"categories":[2,78,12,14,27],"tags":[],"_links":{"self":[{"href":"https:\/\/diariodevurgos.com\/dvwps\/wp-json\/wp\/v2\/posts\/25835"}],"collection":[{"href":"https:\/\/diariodevurgos.com\/dvwps\/wp-json\/wp\/v2\/posts"}],"about":[{"href":"https:\/\/diariodevurgos.com\/dvwps\/wp-json\/wp\/v2\/types\/post"}],"author":[{"embeddable":true,"href":"https:\/\/diariodevurgos.com\/dvwps\/wp-json\/wp\/v2\/users\/2"}],"replies":[{"embeddable":true,"href":"https:\/\/diariodevurgos.com\/dvwps\/wp-json\/wp\/v2\/comments?post=25835"}],"version-history":[{"count":1,"href":"https:\/\/diariodevurgos.com\/dvwps\/wp-json\/wp\/v2\/posts\/25835\/revisions"}],"predecessor-version":[{"id":25838,"href":"https:\/\/diariodevurgos.com\/dvwps\/wp-json\/wp\/v2\/posts\/25835\/revisions\/25838"}],"wp:featuredmedia":[{"embeddable":true,"href":"https:\/\/diariodevurgos.com\/dvwps\/wp-json\/wp\/v2\/media\/25837"}],"wp:attachment":[{"href":"https:\/\/diariodevurgos.com\/dvwps\/wp-json\/wp\/v2\/media?parent=25835"}],"wp:term":[{"taxonomy":"category","embeddable":true,"href":"https:\/\/diariodevurgos.com\/dvwps\/wp-json\/wp\/v2\/categories?post=25835"},{"taxonomy":"post_tag","embeddable":true,"href":"https:\/\/diariodevurgos.com\/dvwps\/wp-json\/wp\/v2\/tags?post=25835"}],"curies":[{"name":"wp","href":"https:\/\/api.w.org\/{rel}","templated":true}]}}