{"id":25839,"date":"2026-04-30T16:41:31","date_gmt":"2026-04-30T14:41:31","guid":{"rendered":"https:\/\/diariodevurgos.com\/dvwps\/?p=25839"},"modified":"2026-04-30T16:42:24","modified_gmt":"2026-04-30T14:42:24","slug":"por-un-1o-de-mayo-combativo-obrero-y-libertario-en-burgos","status":"publish","type":"post","link":"https:\/\/diariodevurgos.com\/dvwps\/por-un-1o-de-mayo-combativo-obrero-y-libertario-en-burgos.php","title":{"rendered":"Por un 1\u00ba de Mayo obrero, combativo y libertario en Burgos"},"content":{"rendered":"<p class=\"lead\">El 1 de mayo condensa una historia de huelga, represi\u00f3n, solidaridad y dignidad obrera. Su sentido sigue vivo en la lucha de clases, en la resistencia frente al capital y en el rechazo de las jerarqu\u00edas patriarcales. Por todo ello se ha convocado una <strong>Manifestaci\u00f3n libertaria<\/strong> que tomar\u00e1 partida desde la <strong>plaza del Cid<\/strong> a partir de las <strong>13:00 horas<\/strong> y recorrer\u00e1 las calles del <strong>centro de Burgos.<\/strong><!--more--><\/p>\n<p>El 1 de mayo, naci\u00f3 como una jornada de combate obrero, como fecha de memoria y como llamamiento a la organizaci\u00f3n de clase. Su ra\u00edz no est\u00e1 en los despachos ni en la benevolencia de los gobiernos, sino en la lucha de quienes, frente a jornadas extenuantes, salarios de miseria y una disciplina fabril brutal, decidieron plantar cara al capital, quienes, no conform\u00e1ndose con ser sus esclavos asalariados, decidieron luchar por un mundo nuevo y pelear por la emancipaci\u00f3n social. Ocho anarquistas pagaron con su vida tal desaf\u00edo.<\/p>\n<p style=\"text-align: left;\">Este 2026 se cumplen 90 a\u00f1os de la Revoluci\u00f3n Social de 1936, referente en la lucha por la emancipaci\u00f3n social de los trabajadores, que demostr\u00f3 c\u00f3mo la organizaci\u00f3n obrera puede parar la reacci\u00f3n fascista. En estos tiempos convulsos no debemos ignorar los numerosos aprendizajes que nos dej\u00f3; entre ellos, que no se puede pactar con la burgues\u00eda ni con los autoritarios, ya que estos pactos nos llevar\u00edan inevitablemente a la derrota del ideal libertario y revolucionario. Como personas libertarias y anarquistas, sabemos que la revoluci\u00f3n debe apuntar al Estado y al capital desde el primer momento.<br \/>\nHoy seguimos viviendo momentos en los que la vida es aplastada bajo el peso del sistema. Mientras que la riqueza se concentra en manos de unos pocos, las obreras sufrimos condiciones cada vez m\u00e1s precarias; cargando con situaciones de estr\u00e9s, responsabilidades, abusos, explotaciones e injusticias diarias. No somos solo productoras y consumidoras; se nos reduce a cifras, a rendimiento, a piezas reemplazables. Ser obrera no puede ser sin\u00f3nimo de sacrificio, sino de conciencia, organizaci\u00f3n y resistencia. Somos la fuerza que levanta cada f\u00e1brica, cada oficina, cada escuela. No aceptamos la precariedad como futuro, ni la explotaci\u00f3n como norma.<\/p>\n<img loading=\"lazy\" class=\"alignleft wp-image-25820 \" src=\"http:\/\/diariodevurgos.com\/dvwps\/wp-content\/uploads\/2026\/04\/Cartel-1-de-mayo-2026-724x1024.jpeg\" alt=\"\" width=\"510\" height=\"721\" srcset=\"https:\/\/diariodevurgos.com\/dvwps\/wp-content\/uploads\/2026\/04\/Cartel-1-de-mayo-2026-724x1024.jpeg 724w, https:\/\/diariodevurgos.com\/dvwps\/wp-content\/uploads\/2026\/04\/Cartel-1-de-mayo-2026-212x300.jpeg 212w, https:\/\/diariodevurgos.com\/dvwps\/wp-content\/uploads\/2026\/04\/Cartel-1-de-mayo-2026-768x1086.jpeg 768w, https:\/\/diariodevurgos.com\/dvwps\/wp-content\/uploads\/2026\/04\/Cartel-1-de-mayo-2026-1086x1536.jpeg 1086w, https:\/\/diariodevurgos.com\/dvwps\/wp-content\/uploads\/2026\/04\/Cartel-1-de-mayo-2026-370x523.jpeg 370w, https:\/\/diariodevurgos.com\/dvwps\/wp-content\/uploads\/2026\/04\/Cartel-1-de-mayo-2026.jpeg 1131w\" sizes=\"(max-width: 510px) 100vw, 510px\" \/>\n<p>Debemos se\u00f1alar, por un lado, al sistema capitalista como causa de las crisis, de las inflaciones y la creciente desigualdad; por otro lado, a sus secuaces (CCOO, UGT, CSIF\u2026) que han vendido el movimiento obrero a la patronal y al Estado, firmando negociaciones que producen asco y verg\u00fcenza, convirti\u00e9ndose as\u00ed en enemigos de la clase trabajadora. Mientras que los beneficios se acumulan en la cima, quienes producimos realmente la riqueza vivimos en una lucha constante por llegar a fin de mes. Todo esto se suma al miedo por perder el trabajo y la imposibilidad de proyectar un futuro digno.<\/p>\n<p>Hoy, cuando la precariedad cambia de nombre para parecer modernidad, el sentido del 1 de mayo conserva toda su vigencia. Las subcontratas, la temporalidad, los accidentes laborales y las muertes en los trabajos, la extensi\u00f3n encubierta de la jornada, la disponibilidad total, los falsos aut\u00f3nomos, la feminizaci\u00f3n y racializaci\u00f3n de los empleos peor pagados muestran que la vieja cuesti\u00f3n social no ha desaparecido. Por eso el 1 de mayo exige algo m\u00e1s que nostalgia. Exige organizaci\u00f3n en los centros de trabajo y fuera de ellos. Exige reconstruir v\u00ednculos de solidaridad entre plantillas fragmentadas. Exige un sindicalismo de combate y una mirada feminista de clase, capaz de reconocer que ninguna emancipaci\u00f3n obrera ser\u00e1 completa si deja intactas las jerarqu\u00edas patriarcales.<br \/>\nConviene subrayar algo que el sindicalismo domesticado suele olvidar: el 1 de mayo no fue concebido para pedir permiso, sino para medir fuerzas. En la tradici\u00f3n libertaria y anarcosindicalista, esta fecha no remite a una celebraci\u00f3n vac\u00eda, sino a una pedagog\u00eda de la dignidad.<br \/>\nSer\u00eda infame no mirar m\u00e1s all\u00e1 de nuestras narices y obviar la realidad que nos rodea.<br \/>\nEn un contexto global de guerra y deshumanizaci\u00f3n, vemos c\u00f3mo la apropiaci\u00f3n por la fuerza de los recursos y territorios ajenos nos retrotrae a las pol\u00edticas belicistas y colonialistas, provocando el desplazamiento de millones de personas, destruyendo infraestructuras de todo tipo, masacrando a poblaciones indefensas, bombardeando escuelas, hospitales&#8230;<\/p>\n<p>La guerra es caracter\u00edstica indispensable y permanente del sistema estatal y capitalista. Seg\u00fan los intereses de la clase dominante, la guerra es desplegada de un modo u otro. Dentro o fuera de nuestros territorios, en la forma colonial, imperialista y extractivista, o dentro de nuestras fronteras, recrudeciendo las condiciones de vida de los oprimidos para aumentar los beneficios de la clase dominante, precarizando m\u00e1s nuestras vidas. El antimilitarismo anarquista debe estar presente en la lucha de clases, no como elemento pacificador, sino como detonante del cambio. Debe ser punto de partida para enfrentar al estado militarista, los ej\u00e9rcitos y las jerarqu\u00edas, as\u00ed como las soluciones autoritarias. Porque el cambio social llegar\u00e1 con la disoluci\u00f3n del poder en todas sus formas.<br \/>\nObservamos c\u00f3mo los movimientos sociales han sido reducidos al meme, la lucha y los ideales revolucionarios convertidos en un tuit, la artificializaci\u00f3n de la vida ha permeado en los movimientos revolucionarios y de base convirti\u00e9ndolos en parte del espect\u00e1culo democr\u00e1tico. Obsesionados con los likes, el postureo y la batalla virtual, se ha conseguido mistificar la lucha y los ideales revolucionarios. En nuestra mano est\u00e1 salir de la rueda plantear la alternativa que resquebraje el sistema y nos lleve a la victoria.<\/p>\n<p>Creemos que hay que recuperar la potencialidad revolucionaria que tienen la acci\u00f3n directa, la confrontaci\u00f3n y la radicalidad. Tantos a\u00f1os de &#8220;convivencia democr\u00e1tica&#8221; han terminado por pacificar el movimiento obrero y convertirlo en su propio verdugo.<br \/>\nYa vale de falsas promesas, ya basta de reforma y de pedir que se cumplan los derechos, basta de mendigar al poder, basta de creer que la democracia y el sistema pueden ser reformados y justos. El capitalismo es<strong> nuestro<\/strong> enemigo y el Estado su brazo armado; tendremos que ir a por el todo, tendremos que hablar de revoluci\u00f3n, organizarnos y poner en riesgo nuestros privilegios, porque el que no arriesga no gana.<\/p>\n<p><strong>\u00a11\u00ba de mayo: obrero, combativo y libertario!<\/strong><\/p>\n<p style=\"text-align: right;\"><strong>CNT-CGT-Biblioteca Anarquista La Maldita<\/strong><\/p>\n","protected":false},"excerpt":{"rendered":"<p>El 1 de mayo condensa una historia de huelga, represi\u00f3n, solidaridad y dignidad obrera. Su sentido sigue vivo en la lucha de clases, en la resistencia frente al capital y en el rechazo de las jerarqu\u00edas patriarcales. Por todo ello se ha convocado una Manifestaci\u00f3n libertaria que tomar\u00e1 partida desde la plaza del Cid a&#8230;  <a href=\"https:\/\/diariodevurgos.com\/dvwps\/por-un-1o-de-mayo-combativo-obrero-y-libertario-en-burgos.php\" class=\"more-link\" title=\"Read Por un 1\u00ba de Mayo obrero, combativo y libertario en Burgos\">Read more &raquo;<\/a><\/p>\n","protected":false},"author":2,"featured_media":25820,"comment_status":"open","ping_status":"closed","sticky":false,"template":"","format":"standard","meta":[],"categories":[112,2,120,49,7],"tags":[],"_links":{"self":[{"href":"https:\/\/diariodevurgos.com\/dvwps\/wp-json\/wp\/v2\/posts\/25839"}],"collection":[{"href":"https:\/\/diariodevurgos.com\/dvwps\/wp-json\/wp\/v2\/posts"}],"about":[{"href":"https:\/\/diariodevurgos.com\/dvwps\/wp-json\/wp\/v2\/types\/post"}],"author":[{"embeddable":true,"href":"https:\/\/diariodevurgos.com\/dvwps\/wp-json\/wp\/v2\/users\/2"}],"replies":[{"embeddable":true,"href":"https:\/\/diariodevurgos.com\/dvwps\/wp-json\/wp\/v2\/comments?post=25839"}],"version-history":[{"count":4,"href":"https:\/\/diariodevurgos.com\/dvwps\/wp-json\/wp\/v2\/posts\/25839\/revisions"}],"predecessor-version":[{"id":25843,"href":"https:\/\/diariodevurgos.com\/dvwps\/wp-json\/wp\/v2\/posts\/25839\/revisions\/25843"}],"wp:featuredmedia":[{"embeddable":true,"href":"https:\/\/diariodevurgos.com\/dvwps\/wp-json\/wp\/v2\/media\/25820"}],"wp:attachment":[{"href":"https:\/\/diariodevurgos.com\/dvwps\/wp-json\/wp\/v2\/media?parent=25839"}],"wp:term":[{"taxonomy":"category","embeddable":true,"href":"https:\/\/diariodevurgos.com\/dvwps\/wp-json\/wp\/v2\/categories?post=25839"},{"taxonomy":"post_tag","embeddable":true,"href":"https:\/\/diariodevurgos.com\/dvwps\/wp-json\/wp\/v2\/tags?post=25839"}],"curies":[{"name":"wp","href":"https:\/\/api.w.org\/{rel}","templated":true}]}}