{"id":25844,"date":"2026-05-03T10:12:56","date_gmt":"2026-05-03T08:12:56","guid":{"rendered":"https:\/\/diariodevurgos.com\/dvwps\/?p=25844"},"modified":"2026-05-03T10:12:57","modified_gmt":"2026-05-03T08:12:57","slug":"representacion-de-te-duele-en-csr-gamonal","status":"publish","type":"post","link":"https:\/\/diariodevurgos.com\/dvwps\/representacion-de-te-duele-en-csr-gamonal.php","title":{"rendered":"Representaci\u00f3n de &#8220;\u00bfTe duele?&#8221; en CSR Gamonal"},"content":{"rendered":"<p class=\"lead\">El <strong>viernes 8 de mayo<\/strong> tendr\u00e1 lugar en el <a href=\"https:\/\/csrgamonal.ga\/2026\/04\/28\/representacion-teatral-te-duele-del-colectivo-la-presa\/\">Centro Social Recuperado de Gamonal<\/a> la representaci\u00f3n de <em><strong>\u00bfTe duele?<\/strong><\/em> una producci\u00f3n teatral del <strong>colectivo \u201cLa Presa\u201d<\/strong> dirigida por <strong>Paco Ventura<\/strong> e interpretada por <strong>Nany Landaburu Turco<\/strong> y <strong>Juan Pablo Melnik<\/strong> a partir de una adaptaci\u00f3n libre de un texto de <strong>Cesar Brie<\/strong>. La actuaci\u00f3n, que como siempre en el CSR Gamonal es de entrada libre y gratuita hasta completar el aforo, dar\u00e1 comienzo a las 20:00 horas y est\u00e1 planteada como \u201cun poema amargo sobre lo que pasa demasiado a menudo entre los muros de las casas.\u00bb<\/p>\n<p style=\"text-align: center;\"><img loading=\"lazy\" class=\"aligncenter wp-image-25845 \" src=\"http:\/\/diariodevurgos.com\/dvwps\/wp-content\/uploads\/2026\/05\/Te-Duele.jpeg\" alt=\"\" width=\"523\" height=\"694\" srcset=\"https:\/\/diariodevurgos.com\/dvwps\/wp-content\/uploads\/2026\/05\/Te-Duele.jpeg 1024w, https:\/\/diariodevurgos.com\/dvwps\/wp-content\/uploads\/2026\/05\/Te-Duele-226x300.jpeg 226w, https:\/\/diariodevurgos.com\/dvwps\/wp-content\/uploads\/2026\/05\/Te-Duele-772x1024.jpeg 772w, https:\/\/diariodevurgos.com\/dvwps\/wp-content\/uploads\/2026\/05\/Te-Duele-768x1019.jpeg 768w, https:\/\/diariodevurgos.com\/dvwps\/wp-content\/uploads\/2026\/05\/Te-Duele-370x491.jpeg 370w\" sizes=\"(max-width: 523px) 100vw, 523px\" \/><\/p>\n","protected":false},"excerpt":{"rendered":"<p>El viernes 8 de mayo tendr\u00e1 lugar en el Centro Social Recuperado de Gamonal la representaci\u00f3n de \u00bfTe duele? una producci\u00f3n teatral del colectivo \u201cLa Presa\u201d dirigida por Paco Ventura e interpretada por Nany Landaburu Turco y Juan Pablo Melnik a partir de una adaptaci\u00f3n libre de un texto de Cesar Brie. La actuaci\u00f3n, que&#8230;  <a href=\"https:\/\/diariodevurgos.com\/dvwps\/representacion-de-te-duele-en-csr-gamonal.php\" class=\"more-link\" title=\"Read Representaci\u00f3n de &#8220;\u00bfTe duele?&#8221; en CSR Gamonal\">Read more &raquo;<\/a><\/p>\n","protected":false},"author":2,"featured_media":25845,"comment_status":"open","ping_status":"closed","sticky":false,"template":"","format":"standard","meta":[],"categories":[2,78,14,27,67],"tags":[],"_links":{"self":[{"href":"https:\/\/diariodevurgos.com\/dvwps\/wp-json\/wp\/v2\/posts\/25844"}],"collection":[{"href":"https:\/\/diariodevurgos.com\/dvwps\/wp-json\/wp\/v2\/posts"}],"about":[{"href":"https:\/\/diariodevurgos.com\/dvwps\/wp-json\/wp\/v2\/types\/post"}],"author":[{"embeddable":true,"href":"https:\/\/diariodevurgos.com\/dvwps\/wp-json\/wp\/v2\/users\/2"}],"replies":[{"embeddable":true,"href":"https:\/\/diariodevurgos.com\/dvwps\/wp-json\/wp\/v2\/comments?post=25844"}],"version-history":[{"count":1,"href":"https:\/\/diariodevurgos.com\/dvwps\/wp-json\/wp\/v2\/posts\/25844\/revisions"}],"predecessor-version":[{"id":25846,"href":"https:\/\/diariodevurgos.com\/dvwps\/wp-json\/wp\/v2\/posts\/25844\/revisions\/25846"}],"wp:featuredmedia":[{"embeddable":true,"href":"https:\/\/diariodevurgos.com\/dvwps\/wp-json\/wp\/v2\/media\/25845"}],"wp:attachment":[{"href":"https:\/\/diariodevurgos.com\/dvwps\/wp-json\/wp\/v2\/media?parent=25844"}],"wp:term":[{"taxonomy":"category","embeddable":true,"href":"https:\/\/diariodevurgos.com\/dvwps\/wp-json\/wp\/v2\/categories?post=25844"},{"taxonomy":"post_tag","embeddable":true,"href":"https:\/\/diariodevurgos.com\/dvwps\/wp-json\/wp\/v2\/tags?post=25844"}],"curies":[{"name":"wp","href":"https:\/\/api.w.org\/{rel}","templated":true}]}}